{"id":717,"date":"2022-10-27T15:11:45","date_gmt":"2022-10-27T15:11:45","guid":{"rendered":"http:\/\/www.prismaoptica.es\/web\/?p=717"},"modified":"2022-10-27T15:11:45","modified_gmt":"2022-10-27T15:11:45","slug":"curiosidades-de-nuestro-oido-que-seguro-que-no-sabias","status":"publish","type":"post","link":"http:\/\/www.prismaoptica.es\/web\/2022\/10\/27\/curiosidades-de-nuestro-oido-que-seguro-que-no-sabias\/","title":{"rendered":"Curiosidades de nuestro o\u00eddo que seguro que no sab\u00edas"},"content":{"rendered":"<p>El o\u00eddo\u00a0es uno de los sentidos m\u00e1s complejos (junto con la vista) y con m\u00e1s peculiaridades. Hoy vamos a ver 10 cosas sobre \u00e9l que quiz\u00e1 no sabias:<\/p>\n<ol>\n<li><strong>El centro del equilibrio est\u00e1 en nuestro o\u00eddo:<\/strong>\u00a0el\u00a0<strong>sistema vestibular<\/strong>\u00a0situado en el o\u00eddo interno es el encargado de coordinar el equilibrio. Por ese motivo, la mayor\u00eda de los\u00a0<strong>v\u00e9rtigos<\/strong>\u00a0tienen su origen en el sistema auditivo.\n<div id=\"attachment_873\" class=\"wp-caption aligncenter\"><img fetchpriority=\"high\" decoding=\"async\" class=\" wp-image-873\" src=\"http:\/\/blog.kiversal.com\/wp-content\/uploads\/2018\/08\/vestibular-3.png\" sizes=\"(max-width: 544px) 100vw, 544px\" srcset=\"https:\/\/blog.kiversal.com\/wp-content\/uploads\/2018\/08\/vestibular-3.png 607w, https:\/\/blog.kiversal.com\/wp-content\/uploads\/2018\/08\/vestibular-3-300x162.png 300w\" alt=\"\" width=\"544\" height=\"294\" aria-describedby=\"caption-attachment-873\" \/><\/p>\n<p id=\"caption-attachment-873\" class=\"wp-caption-text\">Credit photo: Innovando salud<\/p>\n<\/div>\n<\/li>\n<li><strong>El hueso m\u00e1s duro<\/strong>: el\u00a0<strong>hueso temporal<\/strong>, que protege el o\u00eddo interno, es el hueso m\u00e1s duro del cuerpo humano.<\/li>\n<li><strong>El hueso m\u00e1s peque\u00f1o:<\/strong>\u00a0tambi\u00e9n se encuentra en el o\u00eddo. El\u00a0<strong>estribo o estapedio<\/strong>, situado en el o\u00eddo medio y que forma parte de la cadena de huesecillos, es el hueso m\u00e1s peque\u00f1o de nuestro organismo.\u00a0<img decoding=\"async\" class=\"wp-image-874 aligncenter\" src=\"http:\/\/blog.kiversal.com\/wp-content\/uploads\/2018\/08\/plantilla-consejos-estribo-propios.jpg\" sizes=\"(max-width: 596px) 100vw, 596px\" srcset=\"https:\/\/blog.kiversal.com\/wp-content\/uploads\/2018\/08\/plantilla-consejos-estribo-propios.jpg 900w, https:\/\/blog.kiversal.com\/wp-content\/uploads\/2018\/08\/plantilla-consejos-estribo-propios-300x150.jpg 300w, https:\/\/blog.kiversal.com\/wp-content\/uploads\/2018\/08\/plantilla-consejos-estribo-propios-768x384.jpg 768w, https:\/\/blog.kiversal.com\/wp-content\/uploads\/2018\/08\/plantilla-consejos-estribo-propios-676x338.jpg 676w\" alt=\"\" width=\"596\" height=\"298\" \/><\/li>\n<li><strong>El o\u00eddo est\u00e1 siempre en funcionamiento:<\/strong>\u00a0\u00bfsab\u00edas que nuestro sistema auditivo nunca duerme? Cuando dormimos, el cerebro inhibe los sonidos que nos rodean y, solo cuando se produce un ruido diferente y m\u00e1s intenso, es cuando el o\u00eddo reacciona como\u00a0<strong>mecanismo de defensa<\/strong>\u00a0para poder actuar r\u00e1pidamente.<\/li>\n<li><strong>Los diez sonidos que m\u00e1s nos irritan a los humanos:\u00a0<\/strong>seg\u00fan un estudio de la Universidad de Newcastle, estos son\u00a0los sonidos que m\u00e1s nos molestan: fricci\u00f3n de un cuchillo contra un cristal, un tenedor contra un plato de porcelana, el chirrido de una tiza en una pizarra, una regla contra una botella de cristal, un ara\u00f1azo en la pizarra, el llanto de un beb\u00e9, un taladro el\u00e9ctrico, las cadenas oxidadas de un columpio, las arcadas de una persona mientras vomita y la fricci\u00f3n de dos corchos de poliestireno expandido.<\/li>\n<li><strong>\u00a0<\/strong><strong>La cera es un protector natural:\u00a0<\/strong>el\u00a0<strong>cerumen<\/strong>\u00a0es un fluido que segrega el cuerpo de manera autom\u00e1tica y que tiene como funci\u00f3n principal proteger el o\u00eddo medio de suciedad, bacterias, polvo, hongos\u2026 No obstante, si su segregaci\u00f3n es abundante, puede provocar obstrucci\u00f3n y, consecuentemente, producir\u00a0tapones en los o\u00eddos\u00a0que afectan a nuestra capacidad auditiva.<\/li>\n<li><strong>El o\u00eddo interno genera impulsos el\u00e9ctricos<\/strong>: las ondas sonoras, una vez han atravesado todas las\u00a0partes del o\u00eddo, se convierten en impulsos el\u00e9ctricos gracias a la\u00a0<strong>c\u00f3clea\u00a0<\/strong>y el<strong>\u00a0\u00f3rgano de Corti<\/strong>.\n<div id=\"attachment_875\" class=\"wp-caption aligncenter\"><img decoding=\"async\" class=\" wp-image-875\" src=\"http:\/\/blog.kiversal.com\/wp-content\/uploads\/2018\/08\/organ_of_Corti.jpg\" sizes=\"(max-width: 577px) 100vw, 577px\" srcset=\"https:\/\/blog.kiversal.com\/wp-content\/uploads\/2018\/08\/organ_of_Corti.jpg 700w, https:\/\/blog.kiversal.com\/wp-content\/uploads\/2018\/08\/organ_of_Corti-300x178.jpg 300w, https:\/\/blog.kiversal.com\/wp-content\/uploads\/2018\/08\/organ_of_Corti-676x402.jpg 676w\" alt=\"\" width=\"577\" height=\"343\" aria-describedby=\"caption-attachment-875\" \/><\/p>\n<p id=\"caption-attachment-875\" class=\"wp-caption-text\">Credit photo: the worlds of David Darling<\/p>\n<\/div>\n<\/li>\n<li><strong>Un tubo estrecho nos destapa los o\u00eddos<\/strong>: un tubo de 3,5 cm de largo conectado con la parte posterior de la nariz, llamado\u00a0<strong>Trompa de Eustaquio<\/strong>, equilibra la presi\u00f3n del aire en el o\u00eddo medio y nos produce esa sensaci\u00f3n de destaponamiento.<\/li>\n<li><strong>Se pueden prevenir problemas auditivos con la dieta<\/strong>: los \u00e1cidos grasos\u00a0<strong>Omega 3<\/strong>\u00a0que se encuentran en pescados como el salm\u00f3n o el at\u00fan fortalecen los vasos sangu\u00edneos del o\u00eddo interno. Asimismo,\u00a0<strong>antioxidantes<\/strong>, en concreto, el \u00e1cido f\u00f3lico y el\u00a0<strong>consumo de vegetales de hojas verdes<\/strong>\u00a0como las espinacas y la lechuga romana, son beneficiosos para prevenir problemas auditivos\u00a0causados por el ruido.\u00a0<img loading=\"lazy\" decoding=\"async\" class=\"aligncenter wp-image-876\" src=\"http:\/\/blog.kiversal.com\/wp-content\/uploads\/2018\/08\/chiara-conti-505587-unsplash-1024x685.jpg\" sizes=\"(max-width: 562px) 100vw, 562px\" srcset=\"https:\/\/blog.kiversal.com\/wp-content\/uploads\/2018\/08\/chiara-conti-505587-unsplash-1024x685.jpg 1024w, https:\/\/blog.kiversal.com\/wp-content\/uploads\/2018\/08\/chiara-conti-505587-unsplash-300x201.jpg 300w, https:\/\/blog.kiversal.com\/wp-content\/uploads\/2018\/08\/chiara-conti-505587-unsplash-768x514.jpg 768w, https:\/\/blog.kiversal.com\/wp-content\/uploads\/2018\/08\/chiara-conti-505587-unsplash-676x453.jpg 676w\" alt=\"\" width=\"562\" height=\"376\" \/><\/li>\n<li><strong>La m\u00fasica se escucha mejor por la izquierda:\u00a0<\/strong>seg\u00fan un\u00a0estudio\u00a0de las universidades de California y Arizona publicado en Science, desde nuestro nacimiento el o\u00eddo derecho responde mejor a los sonidos del habla, mientras que\u00a0<strong>el izquierdo percibe mejor los tonos continuos o sonidos musicales<\/strong>.<\/li>\n<\/ol>\n<p>Estas son algunas de la curiosidades del o\u00eddo. \u00bfConoc\u00edas algunas? Si sabes de otras d\u00e9janoslas en los comentarios.<\/p>\n","protected":false},"excerpt":{"rendered":"<p>El o\u00eddo\u00a0es uno de los sentidos m\u00e1s complejos (junto con la vista) y con m\u00e1s peculiaridades. Hoy vamos a ver 10 cosas sobre \u00e9l que quiz\u00e1 no sabias: El centro del equilibrio est\u00e1 en nuestro o\u00eddo:\u00a0el\u00a0sistema vestibular\u00a0situado en el o\u00eddo interno es el encargado de coordinar el equilibrio. Por ese motivo, la mayor\u00eda de los\u00a0v\u00e9rtigos\u00a0tienen [&hellip;]<\/p>\n","protected":false},"author":1,"featured_media":0,"comment_status":"open","ping_status":"open","sticky":false,"template":"","format":"standard","meta":{"jetpack_post_was_ever_published":false,"_jetpack_newsletter_access":"","_jetpack_dont_email_post_to_subs":false,"_jetpack_newsletter_tier_id":0,"footnotes":"","jetpack_publicize_message":"","jetpack_publicize_feature_enabled":true,"jetpack_social_post_already_shared":true,"jetpack_social_options":{"image_generator_settings":{"template":"highway","enabled":false}}},"categories":[1],"tags":[],"jetpack_publicize_connections":[],"jetpack_featured_media_url":"","jetpack_sharing_enabled":true,"jetpack_shortlink":"https:\/\/wp.me\/p8Tz7L-bz","_links":{"self":[{"href":"http:\/\/www.prismaoptica.es\/web\/wp-json\/wp\/v2\/posts\/717"}],"collection":[{"href":"http:\/\/www.prismaoptica.es\/web\/wp-json\/wp\/v2\/posts"}],"about":[{"href":"http:\/\/www.prismaoptica.es\/web\/wp-json\/wp\/v2\/types\/post"}],"author":[{"embeddable":true,"href":"http:\/\/www.prismaoptica.es\/web\/wp-json\/wp\/v2\/users\/1"}],"replies":[{"embeddable":true,"href":"http:\/\/www.prismaoptica.es\/web\/wp-json\/wp\/v2\/comments?post=717"}],"version-history":[{"count":1,"href":"http:\/\/www.prismaoptica.es\/web\/wp-json\/wp\/v2\/posts\/717\/revisions"}],"predecessor-version":[{"id":718,"href":"http:\/\/www.prismaoptica.es\/web\/wp-json\/wp\/v2\/posts\/717\/revisions\/718"}],"wp:attachment":[{"href":"http:\/\/www.prismaoptica.es\/web\/wp-json\/wp\/v2\/media?parent=717"}],"wp:term":[{"taxonomy":"category","embeddable":true,"href":"http:\/\/www.prismaoptica.es\/web\/wp-json\/wp\/v2\/categories?post=717"},{"taxonomy":"post_tag","embeddable":true,"href":"http:\/\/www.prismaoptica.es\/web\/wp-json\/wp\/v2\/tags?post=717"}],"curies":[{"name":"wp","href":"https:\/\/api.w.org\/{rel}","templated":true}]}}