{"id":710,"date":"2022-10-18T10:45:47","date_gmt":"2022-10-18T10:45:47","guid":{"rendered":"http:\/\/www.prismaoptica.es\/web\/?p=710"},"modified":"2022-10-18T10:47:12","modified_gmt":"2022-10-18T10:47:12","slug":"curiosidades-que-seguro-que-no-sabias-de-los-ojos","status":"publish","type":"post","link":"http:\/\/www.prismaoptica.es\/web\/2022\/10\/18\/curiosidades-que-seguro-que-no-sabias-de-los-ojos\/","title":{"rendered":"Curiosidades que seguro que no sab\u00edas de los ojos"},"content":{"rendered":"<p><span style=\"font-size: 14pt; color: #000000;\">Como ya sabeis, nos fascinan los ojos, pero no solo a nosotros, si no a casi todo el mundo; ya que es un \u00f3rgano de nuestro cuerpo muy potente y que tiene gran cantidad de connotaciones, por ejemplo: siempre se ha dicho que los ojos son el reflejo del alma. Incluso se considera que mirar a una persona a los ojos es algo tremendamente intimo y que ayuda a conectar con esa persona.<\/span><\/p>\n<p><span style=\"font-size: 14pt; color: #000000;\">Pues bien, como grandes fans de los ojos hemos decidido traeros unas curiosidades que seguro no sab\u00edais de los ojos. Vamos all\u00e1:<\/span><\/p>\n<p>&nbsp;<\/p>\n<ol>\n<li><span style=\"font-size: 14pt; color: #000000;\">El ojo es el \u00f3rgano m\u00e1s complejo del cuerpo humano, a excepci\u00f3n del cerebro, y el m\u00fasculo m\u00e1s activo y r\u00e1pido.<\/span><\/li>\n<li><span style=\"font-size: 14pt; color: #000000;\">Los ojos, a diferencia de nariz y orejas, casi no crecen desde el nacimiento.<\/span><\/li>\n<li><span style=\"font-size: 14pt; color: #000000;\">El di\u00e1metro del globo ocular es de 24 mil\u00edmetros, su peso medio es de 7,5 gramos y necesita 6 m\u00fasculos para moverse.<\/span><\/li>\n<li><span style=\"font-size: 14pt; color: #000000;\">El tama\u00f1o del ojo del hombre es superior en medio mil\u00edmetro al de la mujer.<\/span><\/li>\n<li><span style=\"font-size: 14pt; color: #000000;\">El ojo es capaz de distinguir unos 10 millones de colores diferentes.<\/span><\/li>\n<li><span style=\"font-size: 14pt; color: #000000;\">Si el ojo humano fuera una c\u00e1mara fotogr\u00e1fica tendr\u00eda 576 megap\u00edxeles<\/span><\/li>\n<li><span style=\"font-size: 14pt; color: #000000;\">Tu ojo es capaz de procesar 36.000 bits de informaci\u00f3n cada hora.<\/span><\/li>\n<li><span style=\"font-size: 14pt; color: #000000;\">Las mujeres tienen menos dificultades para distinguir los colores que los hombres.<\/span><\/li>\n<li><span style=\"font-size: 14pt; color: #000000;\">La mayor\u00eda de personas parpadean un promedio de 17 veces por minuto, 14.280 veces al d\u00eda y 5, 2 millones de veces al\u00a0a\u00f1o.<\/span><\/li>\n<\/ol>\n<p>&nbsp;<\/p>\n<p><span style=\"font-size: 14pt; color: #000000;\">Visto eso hay que reconocer que tenemos la mejor c\u00e1mara posible, \u00bfverdad? Y viendo la cantidad de informaci\u00f3n que puede procesar no deber\u00eda sorprender a nadie que las migra\u00f1as sean tan molestas.<\/span><\/p>\n<p><span style=\"font-size: 14pt; color: #000000;\">\u00bfQu\u00e9 m\u00e1s podemos decir de los ojos? Pues hablemos del color<\/span><\/p>\n<ol>\n<li><span style=\"font-size: 14pt; color: #000000;\">La pupila de los ojos claros se dilata mejor y m\u00e1s r\u00e1pidamente que la de los ojos oscuros.<\/span><\/li>\n<li><span style=\"font-size: 14pt; color: #000000;\">El color mayoritario en la poblaci\u00f3n es el marr\u00f3n, sin embargo tan s\u00f3lo un 3% tiene los ojos verdes.<\/span><\/li>\n<li><span style=\"font-size: 14pt; color: #000000;\">El color natural de los ojos grises en realidad es el azul, pero es tan d\u00e9bil que tiende a cubrirse de una capa protectora de color gris.<\/span><\/li>\n<li><span style=\"font-size: 14pt; color: #000000;\">Hay personas que nacen con los ojos de diferente color. A esta particularidad se la conoce como <strong>heterocrom\u00eda<\/strong> y s\u00f3lo se da en 3 millones de personas en el mundo.<\/span><\/li>\n<li><span style=\"font-size: 14pt; color: #000000;\">Los ojos de color negro no existen. En estos casos, o bien el color del iris es de un marr\u00f3n muy oscuro, o la persona sufre <strong>aniridia<\/strong>, una enfermedad poco frecuente que provoca la casi total ausencia de iris.<\/span><\/li>\n<\/ol>\n<p><span style=\"font-size: 14pt; color: #000000;\">Y nos falta hablar de los ojos de los m\u00e1s peques:<\/span><\/p>\n<ol>\n<li><span style=\"font-size: 14pt; color: #000000;\">Todos los beb\u00e9s son dalt\u00f3nicos al nacer.<\/span><\/li>\n<li><span style=\"font-size: 14pt; color: #000000;\">Los ojos de los reci\u00e9n nacidos comienzan a producir l\u00e1grimas entre las 4 y las 13 semanas.<\/span><\/li>\n<li><span style=\"font-size: 14pt; color: #000000;\">Muchos beb\u00e9s nacen con un color de ojos gris azulado que en muchos casos evoluciona a marr\u00f3n.<\/span><\/li>\n<li><span style=\"font-size: 14pt; color: #000000;\">Hasta los dos o tres meses los ojos del beb\u00e9 no coordinan por lo que no tienen sensaci\u00f3n de profundidad.<\/span><\/li>\n<li><span style=\"font-size: 14pt; color: #000000;\">El beb\u00e9 nace con visi\u00f3n borrosa y a muy corta distancia. Su sentido de la visi\u00f3n est\u00e1 en sinton\u00eda con su necesidad de ver a las personas importantes y aislarse del resto.<\/span><\/li>\n<li><span style=\"font-size: 14pt; color: #000000;\">Muchas enfermedades visuales pueden desarrollarse antes de que el beb\u00e9 cumpla 18 meses, por lo que debemos estar atentos y, ante cualquier s\u00edntoma, acudir al especialista.<\/span><\/li>\n<\/ol>\n<p>&nbsp;<\/p>\n<p><span style=\"font-size: 14pt; color: #000000;\">Complejo, m\u00e1s potente que un iphone&#8230; Menuda m\u00e1quina tenemos en nuestros ojos \u00a1eh? Despu\u00e9s de ver esto nos entran m\u00e1s ganas aun de cuidarlos.<\/span><\/p>\n<p>&nbsp;<\/p>\n","protected":false},"excerpt":{"rendered":"<p>Como ya sabeis, nos fascinan los ojos, pero no solo a nosotros, si no a casi todo el mundo; ya que es un \u00f3rgano de nuestro cuerpo muy potente y que tiene gran cantidad de connotaciones, por ejemplo: siempre se ha dicho que los ojos son el reflejo del alma. Incluso se considera que mirar [&hellip;]<\/p>\n","protected":false},"author":1,"featured_media":711,"comment_status":"open","ping_status":"open","sticky":false,"template":"","format":"standard","meta":{"jetpack_post_was_ever_published":false,"_jetpack_newsletter_access":"","_jetpack_dont_email_post_to_subs":false,"_jetpack_newsletter_tier_id":0,"footnotes":"","jetpack_publicize_message":"","jetpack_publicize_feature_enabled":true,"jetpack_social_post_already_shared":true,"jetpack_social_options":{"image_generator_settings":{"template":"highway","enabled":false}}},"categories":[1],"tags":[4,5],"jetpack_publicize_connections":[],"jetpack_featured_media_url":"http:\/\/www.prismaoptica.es\/web\/wp-content\/uploads\/2022\/10\/ojo.jpg","jetpack_sharing_enabled":true,"jetpack_shortlink":"https:\/\/wp.me\/p8Tz7L-bs","_links":{"self":[{"href":"http:\/\/www.prismaoptica.es\/web\/wp-json\/wp\/v2\/posts\/710"}],"collection":[{"href":"http:\/\/www.prismaoptica.es\/web\/wp-json\/wp\/v2\/posts"}],"about":[{"href":"http:\/\/www.prismaoptica.es\/web\/wp-json\/wp\/v2\/types\/post"}],"author":[{"embeddable":true,"href":"http:\/\/www.prismaoptica.es\/web\/wp-json\/wp\/v2\/users\/1"}],"replies":[{"embeddable":true,"href":"http:\/\/www.prismaoptica.es\/web\/wp-json\/wp\/v2\/comments?post=710"}],"version-history":[{"count":4,"href":"http:\/\/www.prismaoptica.es\/web\/wp-json\/wp\/v2\/posts\/710\/revisions"}],"predecessor-version":[{"id":715,"href":"http:\/\/www.prismaoptica.es\/web\/wp-json\/wp\/v2\/posts\/710\/revisions\/715"}],"wp:featuredmedia":[{"embeddable":true,"href":"http:\/\/www.prismaoptica.es\/web\/wp-json\/wp\/v2\/media\/711"}],"wp:attachment":[{"href":"http:\/\/www.prismaoptica.es\/web\/wp-json\/wp\/v2\/media?parent=710"}],"wp:term":[{"taxonomy":"category","embeddable":true,"href":"http:\/\/www.prismaoptica.es\/web\/wp-json\/wp\/v2\/categories?post=710"},{"taxonomy":"post_tag","embeddable":true,"href":"http:\/\/www.prismaoptica.es\/web\/wp-json\/wp\/v2\/tags?post=710"}],"curies":[{"name":"wp","href":"https:\/\/api.w.org\/{rel}","templated":true}]}}