{"id":665,"date":"2022-02-23T22:54:34","date_gmt":"2022-02-23T22:54:34","guid":{"rendered":"http:\/\/www.prismaoptica.es\/web\/?p=665"},"modified":"2022-02-23T22:54:34","modified_gmt":"2022-02-23T22:54:34","slug":"dmae","status":"publish","type":"post","link":"http:\/\/www.prismaoptica.es\/web\/2022\/02\/23\/dmae\/","title":{"rendered":"DMAE"},"content":{"rendered":"<p><span style=\"font-size: 14pt; color: #000000;\">La DMAE (degeneraci\u00f3n macular asociada a la edad) es una\u00a0<strong>enfermedad degenerativa de la m\u00e1cula o zona central de la retina<\/strong>\u00a0y de mayor sensibilidad visual. Afecta a m\u00e1s de 800.000 personas en Espa\u00f1a y representa la primera causa de ceguera en mayores de 65 a\u00f1os en los pa\u00edses industrializados.\u00a0La m\u00e1cula es un \u00e1rea peque\u00f1a localizada en el centro de la retina, la capa posterior del ojo que transforma la luz y las im\u00e1genes que entran en el ojo en se\u00f1ales nerviosas que son enviadas al cerebro.<\/span><\/p>\n<p><span style=\"font-size: 14pt; color: #000000;\">La m\u00e1cula es la responsable de que veamos con claridad los peque\u00f1os detalles, que la visi\u00f3n se m\u00e1s n\u00edtida tanto de cerca como de lejos. La DMAE afecta solo a la visi\u00f3n central, la visi\u00f3n perif\u00e9rica no se ve alterada.<\/span><\/p>\n<p><span style=\"font-size: 14pt; color: #000000;\">Es la causa m\u00e1s frecuente de disminuci\u00f3n severa de la visi\u00f3n en el mundo occidental. En Espa\u00f1a afecta al 13% de las personas mayores de 65 a\u00f1os.<\/span><\/p>\n<div class=\"mceTemp\"><\/div>\n<p><span style=\"font-size: 14pt; color: #000000;\">Existen dos tipos de DMAE, teniendo en cuenta que un mismo paciente puede pasar de uno al otro:<\/span><\/p>\n<ul>\n<li><span style=\"font-size: 14pt; color: #000000;\"><strong>DMAE seca o atr\u00f3fica<\/strong>: es la forma\u00a0<strong>m\u00e1s prevalente<\/strong>\u00a0(alrededor del 85% de los casos) y se caracteriza por una evoluci\u00f3n lenta y progresiva. Se produce como resultado de la acumulaci\u00f3n de desechos (dep\u00f3sitos amarillentos o drusas), lo que atrofia la zona macular.<\/span><\/li>\n<li><span style=\"font-size: 14pt; color: #000000;\"><strong>DMAE h\u00fameda o exudativa<\/strong>: aunque es menos frecuente, su\u00a0<strong>avance es m\u00e1s r\u00e1pido<\/strong>\u00a0y suele tener un peor pron\u00f3stico visual. En esta forma de DMAE crece una membrana vascular\u00a0 bajo de la retina, debido a la aparici\u00f3n de nuevos vasos sangu\u00edneos an\u00f3malos y muy fr\u00e1giles, que sangran y pierden l\u00edquido, comprometiendo a la visi\u00f3n de forma severa.<\/span><br \/>\n<h2 class=\"subtitle-lg\"><\/h2>\n<h2 class=\"subtitle-lg\"><\/h2>\n<div id=\"attachment_666\" style=\"width: 314px\" class=\"wp-caption aligncenter\"><img fetchpriority=\"high\" decoding=\"async\" aria-describedby=\"caption-attachment-666\" class=\"wp-image-666\" src=\"http:\/\/www.prismaoptica.es\/web\/wp-content\/uploads\/2022\/02\/NERVIO-OPTICO-SANO-DMAE.jpg\" alt=\"\" width=\"304\" height=\"224\" \/><p id=\"caption-attachment-666\" class=\"wp-caption-text\">Retina de un paciente sano<\/p><\/div>\n<p>&nbsp;<\/p>\n<div id=\"attachment_667\" style=\"width: 310px\" class=\"wp-caption aligncenter\"><img decoding=\"async\" aria-describedby=\"caption-attachment-667\" class=\"wp-image-667\" src=\"http:\/\/www.prismaoptica.es\/web\/wp-content\/uploads\/2022\/02\/DEGENERACION-MACULAR-H\u00daMEDA.jpg\" alt=\"\" width=\"300\" height=\"221\" \/><p id=\"caption-attachment-667\" class=\"wp-caption-text\">Retina de un paciente con DMAE h\u00fameda<\/p><\/div>\n<h2 class=\"subtitle-lg\"><\/h2>\n<h2 class=\"subtitle-lg\"><strong><span style=\"color: #000000;\">\u00bfPor qu\u00e9 se produce?<\/span><\/strong><\/h2>\n<p><span style=\"font-size: 14pt; color: #000000;\">La\u00a0<strong>edad es el principal factor de riesgo\u00a0<\/strong>de la DMAE, que no suele aparecer antes de los 50-60 a\u00f1os y cuya incidencia aumenta con el paso del tiempo.<\/span><\/li>\n<\/ul>\n<ul>\n<li><span style=\"font-size: 14pt; color: #000000;\">Al envejecimiento hay que sumarle la<strong>\u00a0predisposici\u00f3n gen\u00e9tica<\/strong>, ya que se ha demostrado que los genes tienen m\u00e1s peso del que se cre\u00eda hasta ahora en la enfermedad: se estima que un 50% del riesgo de DMAE es hereditario y que la probabilidad de padecerla es entre 3 y 6 veces superior si se tiene un familiar afecto de primer grado.<\/span>\n<p><span style=\"font-size: 14pt; color: #000000;\">Por \u00faltimo, tambi\u00e9n hay que considerar la influencia de los\u00a0<strong>factores ambientales<\/strong>, siendo el principal de ellos el tabaco, que multiplica por 5 las posibilidades de desarrollar DMAE.<\/span><\/p>\n<ul>\n<li><span style=\"font-size: 14pt; color: #000000;\">Fumar<\/span><\/li>\n<li><span style=\"font-size: 14pt; color: #000000;\">Malos h\u00e1bitos alimentarios<\/span><\/li>\n<li><span style=\"font-size: 14pt; color: #000000;\">Hipertensi\u00f3n arterial<\/span><\/li>\n<li><span style=\"font-size: 14pt; color: #000000;\">Problemas circulatorios<\/span><\/li>\n<li><span style=\"font-size: 14pt; color: #000000;\">Obesidad<\/span><\/li>\n<li><span style=\"font-size: 14pt; color: #000000;\">Exposici\u00f3n directa y prolongada al sol<\/span><\/li>\n<\/ul>\n<\/li>\n<\/ul>\n<p>&nbsp;<\/p>\n<h2 class=\"t-title3 margin-bottom--4\"><span style=\"color: #000000;\"><strong>\u00bfCu\u00e1ndo acudir al oftalm\u00f3logo?<\/strong><\/span><\/h2>\n<p><span style=\"font-size: 14pt; color: #000000;\">En los casos m\u00e1s leves y cuando solo un ojo est\u00e1 afectado, los pacientes pueden no tener s\u00edntomas.\u00a0Sin embargo, cuando la enfermedad progresa el paciente puede sufrir alguno de estos\u00a0<strong>s\u00edntomas<\/strong>:\u00a0<\/span><\/p>\n<ul>\n<li><span style=\"font-size: 14pt; color: #000000;\">Visi\u00f3n borrosa<\/span><\/li>\n<li><span style=\"font-size: 14pt; color: #000000;\">Ondulaci\u00f3n de las l\u00edneas rectas<\/span><\/li>\n<li><span style=\"font-size: 14pt; color: #000000;\">Objetos distorsionados<\/span><\/li>\n<li><span style=\"font-size: 14pt; color: #000000;\">Presencia de una mancha central<\/span><\/li>\n<\/ul>\n","protected":false},"excerpt":{"rendered":"<p>La DMAE (degeneraci\u00f3n macular asociada a la edad) es una\u00a0enfermedad degenerativa de la m\u00e1cula o zona central de la retina\u00a0y de mayor sensibilidad visual. Afecta a m\u00e1s de 800.000 personas en Espa\u00f1a y representa la primera causa de ceguera en mayores de 65 a\u00f1os en los pa\u00edses industrializados.\u00a0La m\u00e1cula es un \u00e1rea peque\u00f1a localizada en [&hellip;]<\/p>\n","protected":false},"author":1,"featured_media":0,"comment_status":"open","ping_status":"open","sticky":false,"template":"","format":"standard","meta":{"jetpack_post_was_ever_published":false,"_jetpack_newsletter_access":"","_jetpack_dont_email_post_to_subs":false,"_jetpack_newsletter_tier_id":0,"footnotes":"","jetpack_publicize_message":"","jetpack_publicize_feature_enabled":true,"jetpack_social_post_already_shared":true,"jetpack_social_options":{"image_generator_settings":{"template":"highway","enabled":false}}},"categories":[1],"tags":[],"jetpack_publicize_connections":[],"jetpack_featured_media_url":"","jetpack_sharing_enabled":true,"jetpack_shortlink":"https:\/\/wp.me\/s8Tz7L-dmae","_links":{"self":[{"href":"http:\/\/www.prismaoptica.es\/web\/wp-json\/wp\/v2\/posts\/665"}],"collection":[{"href":"http:\/\/www.prismaoptica.es\/web\/wp-json\/wp\/v2\/posts"}],"about":[{"href":"http:\/\/www.prismaoptica.es\/web\/wp-json\/wp\/v2\/types\/post"}],"author":[{"embeddable":true,"href":"http:\/\/www.prismaoptica.es\/web\/wp-json\/wp\/v2\/users\/1"}],"replies":[{"embeddable":true,"href":"http:\/\/www.prismaoptica.es\/web\/wp-json\/wp\/v2\/comments?post=665"}],"version-history":[{"count":1,"href":"http:\/\/www.prismaoptica.es\/web\/wp-json\/wp\/v2\/posts\/665\/revisions"}],"predecessor-version":[{"id":668,"href":"http:\/\/www.prismaoptica.es\/web\/wp-json\/wp\/v2\/posts\/665\/revisions\/668"}],"wp:attachment":[{"href":"http:\/\/www.prismaoptica.es\/web\/wp-json\/wp\/v2\/media?parent=665"}],"wp:term":[{"taxonomy":"category","embeddable":true,"href":"http:\/\/www.prismaoptica.es\/web\/wp-json\/wp\/v2\/categories?post=665"},{"taxonomy":"post_tag","embeddable":true,"href":"http:\/\/www.prismaoptica.es\/web\/wp-json\/wp\/v2\/tags?post=665"}],"curies":[{"name":"wp","href":"https:\/\/api.w.org\/{rel}","templated":true}]}}