{"id":660,"date":"2022-02-17T12:11:19","date_gmt":"2022-02-17T12:11:19","guid":{"rendered":"http:\/\/www.prismaoptica.es\/web\/?p=660"},"modified":"2022-02-17T12:11:19","modified_gmt":"2022-02-17T12:11:19","slug":"filtro-de-luz-azul-sirve","status":"publish","type":"post","link":"http:\/\/www.prismaoptica.es\/web\/2022\/02\/17\/filtro-de-luz-azul-sirve\/","title":{"rendered":"Filtro de luz azul, \u00bfSirve?"},"content":{"rendered":"<p><img fetchpriority=\"high\" decoding=\"async\" class=\"aligncenter wp-image-661 size-full\" src=\"http:\/\/www.prismaoptica.es\/web\/wp-content\/uploads\/2022\/02\/luz-azul.jpg\" alt=\"\" width=\"667\" height=\"375\" srcset=\"http:\/\/www.prismaoptica.es\/web\/wp-content\/uploads\/2022\/02\/luz-azul.jpg 667w, http:\/\/www.prismaoptica.es\/web\/wp-content\/uploads\/2022\/02\/luz-azul-300x169.jpg 300w\" sizes=\"(max-width: 667px) 100vw, 667px\" \/><\/p>\n<p>&nbsp;<\/p>\n<p>&nbsp;<\/p>\n<p><span style=\"color: #000000; font-size: 14pt;\">De un tiempo para aqu\u00ed se ha hablado mucho acerca de los cristales con filtro de luz azul. Unos dicen que van muy bien y otros dicen que es otra forma de sacar dinero. \u00bfQui\u00e9n tiene raz\u00f3n? \u00a1Vamos a verlo!<\/span><\/p>\n<p>&nbsp;<\/p>\n<h2><strong><span style=\"color: #000000;\">\u00bfQu\u00e9 es la luz azul?<\/span><\/strong><\/h2>\n<p><span style=\"color: #000000; font-size: 14pt;\">Primero de todo hay que decir que, para abreviar, lo llamamos \u201cluz azul\u201d pero en verdad seria \u201cluz azul-violeta\u201d.<\/span><\/p>\n<p><span style=\"color: #000000; font-size: 14pt;\">La luz azul es parte de la luz visible, es decir, nuestro ojo percibe esa luz azul como parte de un color dentro del espectro electromagn\u00e9tico. Esta luz azul la emiten tanto fuentes naturales como el sol y tambi\u00e9n fuentes artificiales, como los dispositivos electr\u00f3nicos que todos usamos en nuestro d\u00eda a d\u00eda. En la luz, un 25% de su composici\u00f3n es luz azul, es decir, es un componente de la luz tanto natural como artificial.<\/span><\/p>\n<p><span style=\"color: #000000; font-size: 14pt;\">Hay que recordar que la luz visible se compone de rayos de diferentes colores, el azul entre ellos. La longitud de onda de cada uno de los rayos que componen el espectro visible es diferente. Los colores que percibimos son el resultado del reflejo de una longitud de onda sobre una superficie y la absorci\u00f3n del resto. Es decir, si vemos un objeto rojo es porque su superficie refleja la longitud de onda del color rojo y absorbe la de los dem\u00e1s colores.<\/span><\/p>\n<p><span style=\"color: #000000; font-size: 14pt;\">Un clar\u00edsimo ejemplo lo vemos en la propia naturaleza, cuando sale el arco\u00edris. Ese fen\u00f3meno no es otro que la descomposici\u00f3n prism\u00e1tica de los rayos de luz, mostrando todo su espectro de colores.<\/span><\/p>\n<p>&nbsp;<\/p>\n<h2><strong><span style=\"color: #000000;\">\u00bfEs la luz azul-violeta lo mismo que la luz ultravioleta?<\/span><\/strong><\/h2>\n<p><span style=\"color: #000000; font-size: 14pt;\">No. Los rayos ultravioleta pertenecen al espectro de luz no visible. Este tipo de rayo, llamado tambi\u00e9n UV, puede ser muy perjudicial para los seres vivos. Seg\u00fan la <strong>Skin Cancer Foundation<\/strong>, <a href=\"https:\/\/www.skincancer.org\/blog\/eyelid-skin-cancers\/\">los c\u00e1nceres de piel del p\u00e1rpado representan entre el 5 y el 10% del total de los c\u00e1nceres de piel<\/a>, adem\u00e1s, el 90% de los signos visibles del envejecimiento prematuro alrededor de los ojos son causados por los rayos UV.<\/span><\/p>\n<p>&nbsp;<\/p>\n<h2><strong><span style=\"color: #000000;\">\u00bfPor qu\u00e9 la luz azul es nociva?<\/span><\/strong><\/h2>\n<p><span style=\"color: #000000; font-size: 14pt;\">Aproximadamente el 25% de la luz blanca visible es de color azul. Dentro del espectro de rayos azulados que la componen, existen diferentes tonos, con una longitud de onda diferente. Por supuesto, no todos los rayos de luz azul son perjudiciales para nuestra salud.<\/span><\/p>\n<p><span style=\"color: #000000; font-size: 14pt;\">La luz azul-morada o azul-violeta es la que tiene la longitud de onda m\u00e1s corta y, por tanto, es la que m\u00e1s energ\u00eda tiene. La luz azul-violeta o luz visible de alta energ\u00eda, puede provocar fatiga y estr\u00e9s visual, adem\u00e1s de la aparici\u00f3n precoz de la DMAE (Degeneraci\u00f3n Macular Asociada a la Edad), una de las principales causas de ceguera en el mundo. La luz azul-violeta afecta negativamente a las c\u00e9lulas que se encuentran en la m\u00e1cula, un tejido sensible a la luz situado en el fondo del ojo. Es importante saber que las c\u00e9lulas que componen la m\u00e1cula no poseen capacidad de regeneraci\u00f3n.<\/span><\/p>\n<p><span style=\"color: #000000; font-size: 14pt;\">La luz azul-turquesa, sin embargo, tiene importantes beneficios para la salud. Se encarga de \u201cponer en hora\u201d el reloj biol\u00f3gico, que regula los ciclos de sue\u00f1o\/vigilia (ritmo circadiano), la temperatura corporal y, tambi\u00e9n, los procesos cognitivos y de memoria. Cuando el reloj biol\u00f3gico no funciona como deber\u00eda, el organismo presenta diferentes problemas como cansancio cr\u00f3nico, desorientaci\u00f3n, cambios de humor, alteraciones g\u00e1stricas, malestar general, etc. La luz azul-turquesa, adem\u00e1s, est\u00e1 relacionada con el reflejo de constricci\u00f3n pupilar, un mecanismo de protecci\u00f3n natural que tiene la retina para proteger a los ojos frente al exceso de luz\u2028. Los rayos de luz azul-turquesa tambi\u00e9n son importantes para la correcta percepci\u00f3n de los colores y para tener una buena agudeza visual como parte de la luz visible.<\/span><\/p>\n<p>&nbsp;<\/p>\n<div id=\"attachment_662\" style=\"width: 610px\" class=\"wp-caption aligncenter\"><img decoding=\"async\" aria-describedby=\"caption-attachment-662\" class=\"wp-image-662 size-full\" src=\"http:\/\/www.prismaoptica.es\/web\/wp-content\/uploads\/2022\/02\/Electromagnetic_spectrum-es.svg_.png\" alt=\"\" width=\"600\" height=\"184\" srcset=\"http:\/\/www.prismaoptica.es\/web\/wp-content\/uploads\/2022\/02\/Electromagnetic_spectrum-es.svg_.png 600w, http:\/\/www.prismaoptica.es\/web\/wp-content\/uploads\/2022\/02\/Electromagnetic_spectrum-es.svg_-300x92.png 300w\" sizes=\"(max-width: 600px) 100vw, 600px\" \/><p id=\"caption-attachment-662\" class=\"wp-caption-text\"><\/span> <span style=\"color: #000000;\">Espectro de luz visible por el ojo humano<\/span><\/p><\/div>\n<p>&nbsp;<\/p>\n<h2><strong><span style=\"color: #000000;\">La exposici\u00f3n a la luz azul da\u00f1ina<\/span><\/strong><\/h2>\n<p><span style=\"color: #000000; font-size: 14pt;\">La exposici\u00f3n de los ojos a la luz azul-violeta ha aumentado de forma incre\u00edble en los \u00faltimos a\u00f1os debido, fundamentalmente, a tres causas:<\/span><\/p>\n<ul>\n<li><span style=\"color: #000000; font-size: 14pt;\">Las fuentes de luz artificial emiten en la banda de longitudes de onda de la luz azul m\u00e1s nociva para la retina. La luz visible de los LED y pantallas tienen un porcentaje mucho mayor de luz azul que las luces naturales.<\/span><\/li>\n<li><span style=\"color: #000000; font-size: 14pt;\">Se ha multiplicado el uso de las luces LED y de los dispositivos electr\u00f3nicos en los \u00faltimos a\u00f1os. Seg\u00fan un <a href=\"https:\/\/espacio.fundaciontelefonica.com\/wp-content\/uploads\/descargas\/1389790832-NdP_SiE13.pdf?_ga=1.189943720.2025686132.1431339026\">estudio de la Fundaci\u00f3n Telef\u00f3nica<\/a>, un usuario de smartphone mira su dispositivo unas 150 veces al d\u00eda. A todo eso hay que sumarle ver pantallas de ordenador, televisi\u00f3n, etc.<\/span><\/li>\n<li><span style=\"color: #000000; font-size: 14pt;\">El organismo no ha tenido tiempo a generar mecanismos fisiol\u00f3gicos de compensaci\u00f3n para protegerse de esta luz, ya que todos estos aparatos emisores de luz son relativamente muy nuevos.<\/span><\/li>\n<\/ul>\n<p>&nbsp;<\/p>\n<h2><strong><span style=\"color: #000000;\">Patolog\u00edas asociadas<\/span><\/strong><\/h2>\n<p><span style=\"color: #000000; font-size: 14pt;\">Es importante limitar o protegerse de la exposici\u00f3n a las emisiones de luz azul-violeta de las fuentes de luz artificiales. Recibir un elevado porcentaje de estos rayos puede causar:<\/span><\/p>\n<ul>\n<li><span style=\"color: #000000; font-size: 14pt;\"><strong>Fatiga y estr\u00e9s visual<\/strong>. Aparece cuando los ojos tienen que ver en condiciones de poca o mucha luz y, tambi\u00e9n, cuando tienen que enfocar durante mucho tiempo para ver, por ejemplo, textos, v\u00eddeos o im\u00e1genes en un Smartphone. El <strong>S\u00edndrome Visual Inform\u00e1tico<\/strong> (SVI) es una patolog\u00eda visual de reciente aparici\u00f3n que afecta a una de cada siete personas, que suele aparecer en forma de ojos rojos, secos, cansados, dolores de cabeza\u2026 Desde el Instituto Nacional de Salud y Seguridad Laboral en Estados Unidos advierten que usar ordenador tres o m\u00e1s horas al d\u00eda aumenta las probabilidades de que el SVI aparezca; esto significa que el riesgo es mayor entre los que trabajan delante de una pantalla o con entornos multipantalla.<\/span><\/li>\n<li><span style=\"color: #000000; font-size: 14pt;\"><strong>Alteraci\u00f3n de los ritmos circadianos<\/strong>. Las pantallas emiten luz azul-violeta para que los puedas ver incluso en las horas m\u00e1s soleadas del d\u00eda. Pero, por la noche, tu cerebro se queda confundido por esta luz, intensa como la solar, reduciendo la producci\u00f3n de melatonina, la hormona que da a tu cuerpo la se\u00f1al de ir a dormir. Dicho de otra forma: la luz de los dispositivos electr\u00f3nicos puede interrumpir tu ciclo de sue\u00f1o, haciendo m\u00e1s dif\u00edcil dormir y permanecer dormido y esto, a la larga, puede llegar a causar serios problemas de salud.<\/span><\/li>\n<\/ul>\n<p>&nbsp;<\/p>\n<div id=\"attachment_663\" style=\"width: 1034px\" class=\"wp-caption aligncenter\"><img decoding=\"async\" aria-describedby=\"caption-attachment-663\" class=\"wp-image-663 size-large\" src=\"http:\/\/www.prismaoptica.es\/web\/wp-content\/uploads\/2022\/02\/Luz-azul-movil-1024x538.jpg\" alt=\"\" width=\"1024\" height=\"538\" srcset=\"http:\/\/www.prismaoptica.es\/web\/wp-content\/uploads\/2022\/02\/Luz-azul-movil-1024x538.jpg 1024w, http:\/\/www.prismaoptica.es\/web\/wp-content\/uploads\/2022\/02\/Luz-azul-movil-300x158.jpg 300w, http:\/\/www.prismaoptica.es\/web\/wp-content\/uploads\/2022\/02\/Luz-azul-movil-768x404.jpg 768w, http:\/\/www.prismaoptica.es\/web\/wp-content\/uploads\/2022\/02\/Luz-azul-movil.jpg 1200w\" sizes=\"(max-width: 1024px) 100vw, 1024px\" \/><p id=\"caption-attachment-663\" class=\"wp-caption-text\"><\/span> <span style=\"color: #000000;\">La luz azul puede hacer que nos piquen los ojos y nos puede alterar el ritmo de sue\u00f1o<\/span><\/p><\/div>\n<p>&nbsp;<\/p>\n<h2><strong><span style=\"color: #000000;\">Como protegerse de la luz azul nociva<\/span><\/strong><\/h2>\n<ul>\n<li><span style=\"color: #000000; font-size: 14pt;\"><strong>Comer frutas y verduras<\/strong>. Los alimentos ricos en antioxidantes protegen frente a la <strong>DMAE<\/strong>. <a href=\"http:\/\/onlinelibrary.wiley.com\/doi\/10.1111\/nure.12133\/abstract\">Un estudio cient\u00edfico<\/a> difundido por la publicaci\u00f3n internacional O<strong>phthalmic and Physiological Optics<\/strong>, demuestra que las personas con cataratas suelen tener niveles bajos en su retina de dos antioxidantes: lute\u00edna y La lute\u00edna se encuentra en el kiwi, las uvas rojas, el calabac\u00edn y la calabaza. Las naranjas, el mel\u00f3n dulce, el mango y la papaya son ricos en zeaxatina. El ma\u00edz y las verduras de hoja verde, como el br\u00e9col, las espinacas o los guisantes verdes, contienen tanto lute\u00edna como zeaxatina.<\/span><\/li>\n<li><span style=\"color: #000000; font-size: 14pt;\">Usar <strong>gafas con cristales con filtro de luz azul<\/strong>, ya sea con graduaci\u00f3n o sin para desviar parte de esa luz nociva para nuestros ojos.<\/span><\/li>\n<\/ul>\n<p>&nbsp;<\/p>\n<p><span style=\"color: #000000; font-size: 14pt;\">Consulta a tu \u00f3ptico de confianza acerca de c\u00f3mo protegerte de la luz azul nociva.<\/span><\/p>\n","protected":false},"excerpt":{"rendered":"<p>&nbsp; &nbsp; De un tiempo para aqu\u00ed se ha hablado mucho acerca de los cristales con filtro de luz azul. Unos dicen que van muy bien y otros dicen que es otra forma de sacar dinero. \u00bfQui\u00e9n tiene raz\u00f3n? \u00a1Vamos a verlo! &nbsp; \u00bfQu\u00e9 es la luz azul? Primero de todo hay que decir que, [&hellip;]<\/p>\n","protected":false},"author":1,"featured_media":0,"comment_status":"open","ping_status":"open","sticky":false,"template":"","format":"standard","meta":{"jetpack_post_was_ever_published":false,"_jetpack_newsletter_access":"","_jetpack_dont_email_post_to_subs":false,"_jetpack_newsletter_tier_id":0,"footnotes":"","jetpack_publicize_message":"","jetpack_publicize_feature_enabled":true,"jetpack_social_post_already_shared":true,"jetpack_social_options":{"image_generator_settings":{"template":"highway","enabled":false}}},"categories":[1],"tags":[],"jetpack_publicize_connections":[],"jetpack_featured_media_url":"","jetpack_sharing_enabled":true,"jetpack_shortlink":"https:\/\/wp.me\/p8Tz7L-aE","_links":{"self":[{"href":"http:\/\/www.prismaoptica.es\/web\/wp-json\/wp\/v2\/posts\/660"}],"collection":[{"href":"http:\/\/www.prismaoptica.es\/web\/wp-json\/wp\/v2\/posts"}],"about":[{"href":"http:\/\/www.prismaoptica.es\/web\/wp-json\/wp\/v2\/types\/post"}],"author":[{"embeddable":true,"href":"http:\/\/www.prismaoptica.es\/web\/wp-json\/wp\/v2\/users\/1"}],"replies":[{"embeddable":true,"href":"http:\/\/www.prismaoptica.es\/web\/wp-json\/wp\/v2\/comments?post=660"}],"version-history":[{"count":1,"href":"http:\/\/www.prismaoptica.es\/web\/wp-json\/wp\/v2\/posts\/660\/revisions"}],"predecessor-version":[{"id":664,"href":"http:\/\/www.prismaoptica.es\/web\/wp-json\/wp\/v2\/posts\/660\/revisions\/664"}],"wp:attachment":[{"href":"http:\/\/www.prismaoptica.es\/web\/wp-json\/wp\/v2\/media?parent=660"}],"wp:term":[{"taxonomy":"category","embeddable":true,"href":"http:\/\/www.prismaoptica.es\/web\/wp-json\/wp\/v2\/categories?post=660"},{"taxonomy":"post_tag","embeddable":true,"href":"http:\/\/www.prismaoptica.es\/web\/wp-json\/wp\/v2\/tags?post=660"}],"curies":[{"name":"wp","href":"https:\/\/api.w.org\/{rel}","templated":true}]}}