{"id":651,"date":"2022-02-05T20:18:50","date_gmt":"2022-02-05T20:18:50","guid":{"rendered":"http:\/\/www.prismaoptica.es\/web\/?p=651"},"modified":"2022-02-05T20:18:50","modified_gmt":"2022-02-05T20:18:50","slug":"queratocono","status":"publish","type":"post","link":"http:\/\/www.prismaoptica.es\/web\/2022\/02\/05\/queratocono\/","title":{"rendered":"Queratocono"},"content":{"rendered":"<p><img fetchpriority=\"high\" decoding=\"async\" class=\"aligncenter wp-image-652\" src=\"http:\/\/www.prismaoptica.es\/web\/wp-content\/uploads\/2022\/02\/queratocono2.jpg\" alt=\"\" width=\"722\" height=\"500\" \/><\/p>\n<p>&nbsp;<\/p>\n<p><span style=\"color: #000000; font-size: 14pt;\">El queratocono se produce cuando la c\u00f3rnea (la superficie frontal transparente y en forma de c\u00fapula del ojo) se hace m\u00e1s fina y gradualmente sobresale en forma de cono.<\/span><\/p>\n<p><span style=\"color: #000000; font-size: 14pt;\">Una c\u00f3rnea en forma de cono provoca visi\u00f3n borrosa y puede producir sensibilidad a la luz y al resplandor. El queratocono suele afectar a ambos ojos, aunque a menudo afecta m\u00e1s un ojo que al otro. Generalmente comienza a afectar a personas entre los 10 y los 25 a\u00f1os de edad. La afecci\u00f3n puede progresar lentamente durante 10 a\u00f1os o m\u00e1s.<\/span><\/p>\n<p><span style=\"color: #000000; font-size: 14pt;\">En las primeras etapas del queratocono, es posible corregir los problemas de visi\u00f3n con gafas o lentes de contacto blandas.<\/span><\/p>\n<p><span style=\"color: #000000; font-size: 14pt;\">Si se el queratocono se diagnostica m\u00e1s tarde es posible que se tenga que usar lentes de contacto r\u00edgidas y permeables a gas u otro tipo de lentes, como las lentes escler\u00f3ticas. Si la afecci\u00f3n progresa hasta una etapa avanzada, se puede requerir una intervenci\u00f3n en la c\u00f3rnea.<\/span><\/p>\n<div id=\"attachment_653\" style=\"width: 750px\" class=\"wp-caption aligncenter\"><img decoding=\"async\" aria-describedby=\"caption-attachment-653\" class=\"wp-image-653 size-full\" src=\"http:\/\/www.prismaoptica.es\/web\/wp-content\/uploads\/2022\/02\/queratocono_grafico.jpg\" alt=\"\" width=\"740\" height=\"420\" srcset=\"http:\/\/www.prismaoptica.es\/web\/wp-content\/uploads\/2022\/02\/queratocono_grafico.jpg 740w, http:\/\/www.prismaoptica.es\/web\/wp-content\/uploads\/2022\/02\/queratocono_grafico-300x170.jpg 300w\" sizes=\"(max-width: 740px) 100vw, 740px\" \/><p id=\"caption-attachment-653\" class=\"wp-caption-text\">En pacientes con queratocono, la c\u00f3rnea tiene forma de bal\u00f3n de rugby (c\u00f3nica) en vez de pelota de f\u00fatbol (esf\u00e9rica). Esto es lo que provoca p\u00e9rdida de visi\u00f3n en el paciente y puede llegar a requerir un trasplante corneal.<\/p><\/div>\n<p>&nbsp;<\/p>\n<h2><strong><span style=\"color: #000000;\">S\u00edntomas<\/span><\/strong><\/h2>\n<p><span style=\"color: #000000; font-size: 14pt;\">Los s\u00edntomas del queratocono pueden cambiar a medida que la enfermedad progresa, pero generalmente son:<\/span><\/p>\n<p>&nbsp;<\/p>\n<ul>\n<li><span style=\"color: #000000; font-size: 14pt;\">Visi\u00f3n borrosa o distorsionada.<\/span><\/li>\n<li><span style=\"color: #000000; font-size: 14pt;\">Aumento de la sensibilidad a la luz brillante y al resplandor.<\/span><\/li>\n<li><span style=\"color: #000000; font-size: 14pt;\">Necesidad de cambios frecuentes en la graduaci\u00f3n de las gafas.<\/span><\/li>\n<li><span style=\"color: #000000; font-size: 14pt;\">Empeoramiento repentino de la visi\u00f3n o visi\u00f3n nublada.<\/span><\/li>\n<\/ul>\n<p>&nbsp;<\/p>\n<h2><strong><span style=\"color: #000000;\">Causas<\/span><\/strong><\/h2>\n<p><span style=\"color: #000000; font-size: 14pt;\">Aun se desconocen las causas exactas que producen el queratocono, pero se sabe que pueden ser factores gen\u00e9ticos. En este caso es importante conocer si hay antecedentes familiares de queratocono ya que el queratocono se puede heredar de padres a hijos en aproximadamente un 25% de los casos. Tambi\u00e9n hay casos relacionados con alergias oculares o frotamiento continuo de los ojos.<\/span><\/p>\n","protected":false},"excerpt":{"rendered":"<p>&nbsp; El queratocono se produce cuando la c\u00f3rnea (la superficie frontal transparente y en forma de c\u00fapula del ojo) se hace m\u00e1s fina y gradualmente sobresale en forma de cono. Una c\u00f3rnea en forma de cono provoca visi\u00f3n borrosa y puede producir sensibilidad a la luz y al resplandor. El queratocono suele afectar a ambos [&hellip;]<\/p>\n","protected":false},"author":1,"featured_media":0,"comment_status":"open","ping_status":"open","sticky":false,"template":"","format":"standard","meta":{"jetpack_post_was_ever_published":false,"_jetpack_newsletter_access":"","_jetpack_dont_email_post_to_subs":false,"_jetpack_newsletter_tier_id":0,"footnotes":"","jetpack_publicize_message":"","jetpack_publicize_feature_enabled":true,"jetpack_social_post_already_shared":true,"jetpack_social_options":{"image_generator_settings":{"template":"highway","enabled":false}}},"categories":[1],"tags":[],"jetpack_publicize_connections":[],"jetpack_featured_media_url":"","jetpack_sharing_enabled":true,"jetpack_shortlink":"https:\/\/wp.me\/p8Tz7L-av","_links":{"self":[{"href":"http:\/\/www.prismaoptica.es\/web\/wp-json\/wp\/v2\/posts\/651"}],"collection":[{"href":"http:\/\/www.prismaoptica.es\/web\/wp-json\/wp\/v2\/posts"}],"about":[{"href":"http:\/\/www.prismaoptica.es\/web\/wp-json\/wp\/v2\/types\/post"}],"author":[{"embeddable":true,"href":"http:\/\/www.prismaoptica.es\/web\/wp-json\/wp\/v2\/users\/1"}],"replies":[{"embeddable":true,"href":"http:\/\/www.prismaoptica.es\/web\/wp-json\/wp\/v2\/comments?post=651"}],"version-history":[{"count":1,"href":"http:\/\/www.prismaoptica.es\/web\/wp-json\/wp\/v2\/posts\/651\/revisions"}],"predecessor-version":[{"id":654,"href":"http:\/\/www.prismaoptica.es\/web\/wp-json\/wp\/v2\/posts\/651\/revisions\/654"}],"wp:attachment":[{"href":"http:\/\/www.prismaoptica.es\/web\/wp-json\/wp\/v2\/media?parent=651"}],"wp:term":[{"taxonomy":"category","embeddable":true,"href":"http:\/\/www.prismaoptica.es\/web\/wp-json\/wp\/v2\/categories?post=651"},{"taxonomy":"post_tag","embeddable":true,"href":"http:\/\/www.prismaoptica.es\/web\/wp-json\/wp\/v2\/tags?post=651"}],"curies":[{"name":"wp","href":"https:\/\/api.w.org\/{rel}","templated":true}]}}