{"id":647,"date":"2022-02-01T16:57:14","date_gmt":"2022-02-01T16:57:14","guid":{"rendered":"http:\/\/www.prismaoptica.es\/web\/?p=647"},"modified":"2022-02-01T16:57:14","modified_gmt":"2022-02-01T16:57:14","slug":"pterigion-o-palmeras","status":"publish","type":"post","link":"http:\/\/www.prismaoptica.es\/web\/2022\/02\/01\/pterigion-o-palmeras\/","title":{"rendered":"pterigi\u00f3n o palmeras"},"content":{"rendered":"<p><span style=\"color: #000000; font-size: 14pt;\">El pterigi\u00f3n es un crecimiento anormal de la conjuntiva (la parte blanca del ojo), que invade la c\u00f3rnea, de manera m\u00e1s habitual en el lado m\u00e1s cercano a la nariz, aunque tambi\u00e9n puede afectar al lado externo del ojo o a ambos ojos.<\/span><\/p>\n<p>&nbsp;<\/p>\n<p><img fetchpriority=\"high\" decoding=\"async\" class=\"aligncenter wp-image-648 size-full\" src=\"http:\/\/www.prismaoptica.es\/web\/wp-content\/uploads\/2022\/02\/PTERIGIO.jpg\" alt=\"\" width=\"855\" height=\"459\" srcset=\"http:\/\/www.prismaoptica.es\/web\/wp-content\/uploads\/2022\/02\/PTERIGIO.jpg 855w, http:\/\/www.prismaoptica.es\/web\/wp-content\/uploads\/2022\/02\/PTERIGIO-300x161.jpg 300w, http:\/\/www.prismaoptica.es\/web\/wp-content\/uploads\/2022\/02\/PTERIGIO-768x412.jpg 768w\" sizes=\"(max-width: 855px) 100vw, 855px\" \/><\/p>\n<p>&nbsp;<\/p>\n<p><span style=\"color: #000000; font-size: 14pt;\">Aunque es indoloro, los s\u00edntomas dependen de la magnitud de la lesi\u00f3n, por lo que cuanto m\u00e1s crecen, m\u00e1s molestias (como lagrimeo, enrojecimiento o sensaci\u00f3n de cuerpo extra\u00f1o) pueden provocar en la superficie del ojo. En los casos m\u00e1s graves, la visi\u00f3n puede correr peligro, ya que recubre una zona m\u00e1s amplia de la c\u00f3rnea y hacer que aparezca astigmatismo<\/span><\/p>\n<p>&nbsp;<\/p>\n<h2><span style=\"color: #000000;\"><strong>Causas<\/strong><\/span><\/h2>\n<p><span style=\"color: #000000; font-size: 14pt;\">La causa del pterigi\u00f3n es desconocida, aunque se sabe que el riesgo principal de aparici\u00f3n es la exposici\u00f3n solar prolongada con los ojos abiertos y la sequedad ocular. Es por eso que suele aparecer a la gente que ha estado tiempos prolongados al aire libre y en climas soleados, c\u00e1lidos y con viento. Tambi\u00e9n parece haber una relaci\u00f3n entre la contaminaci\u00f3n, la suciedad, el polvo, la exposici\u00f3n a al\u00e9rgenos y tambi\u00e9n algunos qu\u00edmicos. Estos factores adicionales podr\u00edan ayudar a generar un pterigi\u00f3n.<\/span><\/p>\n<p>&nbsp;<\/p>\n<h2><strong><span style=\"color: #000000;\">\u00bfC\u00f3mo se diagnostica?<\/span><\/strong><\/h2>\n<p><span style=\"color: #000000; font-size: 14pt;\">El diagnostico se realiza con un simple examen f\u00edsico de los ojos y de los parpados.<\/span><\/p>\n<p>&nbsp;<\/p>\n<h2><strong><span style=\"color: #000000;\">\u00bfC\u00f3mo puede tratarse?<\/span><\/strong><\/h2>\n<p><span style=\"color: #000000; font-size: 14pt;\">En el caso de un pterigi\u00f3n peque\u00f1o no se requiere cirug\u00eda, tan solo con colirios para rehidratar el ojo nos valdr\u00e1 para aliviar los s\u00edntomas; pero no har\u00e1 que desaparezca. En el caso de que crezca y nos pueda afectar la visi\u00f3n si que se requerir\u00e1 cirug\u00eda para extirpar la parte afectada de la conjuntiva y sustituirla por un tejido sano de la misma conjuntiva del propio paciente.<\/span><\/p>\n<p>&nbsp;<\/p>\n<h2><strong><span style=\"color: #000000;\">Prevenci\u00f3n<\/span><\/strong><\/h2>\n<p><span style=\"color: #000000; font-size: 14pt;\">La mejor prevenci\u00f3n es protegerse del sol con gafas de sol si vamos a estar un tiempo prolongado en el sol y usar colirios o lubricantes oculares para lubricar bien el ojo.<\/span><\/p>\n","protected":false},"excerpt":{"rendered":"<p>El pterigi\u00f3n es un crecimiento anormal de la conjuntiva (la parte blanca del ojo), que invade la c\u00f3rnea, de manera m\u00e1s habitual en el lado m\u00e1s cercano a la nariz, aunque tambi\u00e9n puede afectar al lado externo del ojo o a ambos ojos. &nbsp; &nbsp; Aunque es indoloro, los s\u00edntomas dependen de la magnitud de [&hellip;]<\/p>\n","protected":false},"author":1,"featured_media":0,"comment_status":"open","ping_status":"open","sticky":false,"template":"","format":"standard","meta":{"jetpack_post_was_ever_published":false,"_jetpack_newsletter_access":"","_jetpack_dont_email_post_to_subs":false,"_jetpack_newsletter_tier_id":0,"footnotes":"","jetpack_publicize_message":"","jetpack_publicize_feature_enabled":true,"jetpack_social_post_already_shared":true,"jetpack_social_options":{"image_generator_settings":{"template":"highway","enabled":false}}},"categories":[1],"tags":[],"jetpack_publicize_connections":[],"jetpack_featured_media_url":"","jetpack_sharing_enabled":true,"jetpack_shortlink":"https:\/\/wp.me\/p8Tz7L-ar","_links":{"self":[{"href":"http:\/\/www.prismaoptica.es\/web\/wp-json\/wp\/v2\/posts\/647"}],"collection":[{"href":"http:\/\/www.prismaoptica.es\/web\/wp-json\/wp\/v2\/posts"}],"about":[{"href":"http:\/\/www.prismaoptica.es\/web\/wp-json\/wp\/v2\/types\/post"}],"author":[{"embeddable":true,"href":"http:\/\/www.prismaoptica.es\/web\/wp-json\/wp\/v2\/users\/1"}],"replies":[{"embeddable":true,"href":"http:\/\/www.prismaoptica.es\/web\/wp-json\/wp\/v2\/comments?post=647"}],"version-history":[{"count":1,"href":"http:\/\/www.prismaoptica.es\/web\/wp-json\/wp\/v2\/posts\/647\/revisions"}],"predecessor-version":[{"id":649,"href":"http:\/\/www.prismaoptica.es\/web\/wp-json\/wp\/v2\/posts\/647\/revisions\/649"}],"wp:attachment":[{"href":"http:\/\/www.prismaoptica.es\/web\/wp-json\/wp\/v2\/media?parent=647"}],"wp:term":[{"taxonomy":"category","embeddable":true,"href":"http:\/\/www.prismaoptica.es\/web\/wp-json\/wp\/v2\/categories?post=647"},{"taxonomy":"post_tag","embeddable":true,"href":"http:\/\/www.prismaoptica.es\/web\/wp-json\/wp\/v2\/tags?post=647"}],"curies":[{"name":"wp","href":"https:\/\/api.w.org\/{rel}","templated":true}]}}