{"id":636,"date":"2022-01-17T17:52:57","date_gmt":"2022-01-17T17:52:57","guid":{"rendered":"http:\/\/www.prismaoptica.es\/web\/?p=636"},"modified":"2022-01-17T17:52:57","modified_gmt":"2022-01-17T17:52:57","slug":"daltonismo","status":"publish","type":"post","link":"http:\/\/www.prismaoptica.es\/web\/2022\/01\/17\/daltonismo\/","title":{"rendered":"Daltonismo"},"content":{"rendered":"<p><span style=\"color: #000000; font-size: 14pt;\">El daltonismo es una incapacidad para ver la diferencia entre ciertos colores.<\/span><\/p>\n<p>&nbsp;<\/p>\n<h2><span style=\"color: #000000;\"><strong>S\u00edntomas<\/strong><\/span><\/h2>\n<p><span style=\"color: #000000; font-size: 14pt;\">El daltonismo es una afectaci\u00f3n de la vista que puede costar reconocerla, ya que solo nos influye en la forma en la que percibimos los colores y a las personas que lo tienen de nacimiento, la persona da por hecho que los colores que percibe son as\u00ed, ya que solo le esta afectando a una gama concreta de colores, no a todos. Lo normal es que suceda con ciertos todos de rojo y verde. Esta suele ser la afectaci\u00f3n m\u00e1s com\u00fan y suelen darse cuenta al aprender los colores de los sem\u00e1foros ya que estar\u00e1n viendo el mismo color tanto arriba como abajo. Tambi\u00e9n es cierto que hay otros tonos que pueden afectar como es el azul y amarillo, pero este caso suele darse menos.<\/span><\/p>\n<p>&nbsp;<\/p>\n<h2><strong><span style=\"color: #000000;\">Causas<\/span><\/strong><\/h2>\n<p><span style=\"color: #000000; font-size: 14pt;\">Nosotros interpretamos los colores gracias a la identificaci\u00f3n de las diversas longitudes de ondas de luz. La luz, que contiene todas las longitudes de onda de color, entra en el ojo a trav\u00e9s de la c\u00f3rnea, y pasa por el cristalino y el tejido transparente y gelatinoso del ojo (humor v\u00edtreo) para llegar las c\u00e9lulas sensibles a las longitudes de onda (conos) que est\u00e1n en la parte posterior del ojo, en la zona macular de la retina. Los conos son sensibles a las longitudes de onda de luz cortas (azul), medias (verde) o largas (rojo). Las sustancias qu\u00edmicas en los conos desencadenan una reacci\u00f3n y env\u00edan la informaci\u00f3n de la longitud de onda a trav\u00e9s del nervio \u00f3ptico a tu cerebro.<\/span><\/p>\n<p><span style=\"color: #000000; font-size: 14pt;\">Si nuestros ojos son normales percibiremos el color, pero si nuestros conos carecen de una o m\u00e1s sustancias qu\u00edmicas sensibles a la longitud de onda no podremos distinguir los colores rojo, verde o azul.<\/span><\/p>\n<p><span style=\"color: #000000; font-size: 14pt;\">Sus causas pueden ser varias:<\/span><\/p>\n<p><span style=\"color: #000000; font-size: 14pt;\"><strong>Trastorno heredado.<\/strong>\u00a0Las deficiencias de color heredadas son mucho m\u00e1s comunes en los hombres que en las mujeres. La deficiencia de visi\u00f3n crom\u00e1tica m\u00e1s com\u00fan es la del rojo-verde, y la del azul-amarillo es mucho menos com\u00fan. Es raro no tener visi\u00f3n de color en absoluto.<\/span><\/p>\n<p><span style=\"color: #000000; font-size: 14pt;\">Este trastorno se puede heredar en un grado leve, moderado o grave.<\/span><\/p>\n<p><span style=\"color: #000000; font-size: 14pt;\"><strong>Enfermedades.<\/strong>\u00a0Algunas afecciones que pueden causar d\u00e9ficits para percibir el color son la anemia de c\u00e9lulas falciformes, la diabetes, la degeneraci\u00f3n macular, la enfermedad de Alzheimer, la esclerosis m\u00faltiple, el glaucoma, la enfermedad de Parkinson, el alcoholismo cr\u00f3nico y la leucemia. Puede ser que un ojo se vea m\u00e1s afectado que el otro, y es posible que el d\u00e9ficit crom\u00e1tico mejore si se trata la enfermedad subyacente.<\/span><\/p>\n<p><span style=\"color: #000000; font-size: 14pt;\"><strong>Ciertos medicamentos.<\/strong>\u00a0Algunos medicamentos pueden alterar la visi\u00f3n de color, como algunos f\u00e1rmacos que tratan ciertas enfermedades autoinmunitarias, problemas card\u00edacos, presi\u00f3n arterial alta, disfunci\u00f3n er\u00e9ctil, infecciones, trastornos nerviosos y problemas psicol\u00f3gicos.<\/span><\/p>\n<p><span style=\"color: #000000; font-size: 14pt;\">El paso del tiempo. La capacidad para percibir los colores se deteriora lentamente con la edad. Eso no implica que con la edad todos acabemos con daltonismo pero si que se puede dar el caso.<\/span><\/p>\n<p><span style=\"color: #000000; font-size: 14pt;\"><strong>Sustancias qu\u00edmicas.<\/strong>\u00a0La exposici\u00f3n a ciertas sustancias qu\u00edmicas en el lugar de trabajo, como el disulfuro de carbono y los fertilizantes, puede provocar p\u00e9rdida de la visi\u00f3n de color.<\/span><\/p>\n<p>&nbsp;<\/p>\n<h2><strong><span style=\"color: #000000;\">\u00bfC\u00f3mo saber si somos dalt\u00f3nicos?<\/span><\/strong><\/h2>\n<p>&nbsp;<\/p>\n<p><span style=\"color: #000000; font-size: 14pt;\">Hay un test llamado Test de Ishihara, que se usa para poder determinar si hay daltonismo. Su uso es muy f\u00e1cil: se presenta una imagen con puntos y entre los puntos hay que distinguir un n\u00famero. SI se distingue significa que no hay daltonismo, pero si no se distingue nos podr\u00eda dar pistas sobre si tenemos daltonismo.<\/span><\/p>\n<div id=\"attachment_637\" style=\"width: 310px\" class=\"wp-caption aligncenter\"><img fetchpriority=\"high\" decoding=\"async\" aria-describedby=\"caption-attachment-637\" class=\"size-medium wp-image-637\" src=\"http:\/\/www.prismaoptica.es\/web\/wp-content\/uploads\/2022\/01\/Ishihara_07-300x300.jpg\" alt=\"\" width=\"300\" height=\"300\" srcset=\"http:\/\/www.prismaoptica.es\/web\/wp-content\/uploads\/2022\/01\/Ishihara_07-300x300.jpg 300w, http:\/\/www.prismaoptica.es\/web\/wp-content\/uploads\/2022\/01\/Ishihara_07-150x150.jpg 150w, http:\/\/www.prismaoptica.es\/web\/wp-content\/uploads\/2022\/01\/Ishihara_07-80x80.jpg 80w, http:\/\/www.prismaoptica.es\/web\/wp-content\/uploads\/2022\/01\/Ishihara_07-380x380.jpg 380w, http:\/\/www.prismaoptica.es\/web\/wp-content\/uploads\/2022\/01\/Ishihara_07-285x285.jpg 285w, http:\/\/www.prismaoptica.es\/web\/wp-content\/uploads\/2022\/01\/Ishihara_07.jpg 500w\" sizes=\"(max-width: 300px) 100vw, 300px\" \/><p id=\"caption-attachment-637\" class=\"wp-caption-text\">\u00a0 \u00a0 \u00a0 \u00a0 \u00a0 \u00a0 \u00a0 \u00a0 \u00a0 \u00a0Test de Ishihara<\/p><\/div>\n<p>&nbsp;<\/p>\n<div id=\"attachment_638\" style=\"width: 310px\" class=\"wp-caption aligncenter\"><img decoding=\"async\" aria-describedby=\"caption-attachment-638\" class=\"size-medium wp-image-638\" src=\"http:\/\/www.prismaoptica.es\/web\/wp-content\/uploads\/2022\/01\/Ishihara_9-300x300.png\" alt=\"\" width=\"300\" height=\"300\" srcset=\"http:\/\/www.prismaoptica.es\/web\/wp-content\/uploads\/2022\/01\/Ishihara_9-300x300.png 300w, http:\/\/www.prismaoptica.es\/web\/wp-content\/uploads\/2022\/01\/Ishihara_9-150x150.png 150w, http:\/\/www.prismaoptica.es\/web\/wp-content\/uploads\/2022\/01\/Ishihara_9-768x768.png 768w, http:\/\/www.prismaoptica.es\/web\/wp-content\/uploads\/2022\/01\/Ishihara_9-1024x1024.png 1024w, http:\/\/www.prismaoptica.es\/web\/wp-content\/uploads\/2022\/01\/Ishihara_9-80x80.png 80w, http:\/\/www.prismaoptica.es\/web\/wp-content\/uploads\/2022\/01\/Ishihara_9-570x570.png 570w, http:\/\/www.prismaoptica.es\/web\/wp-content\/uploads\/2022\/01\/Ishihara_9-380x380.png 380w, http:\/\/www.prismaoptica.es\/web\/wp-content\/uploads\/2022\/01\/Ishihara_9-285x285.png 285w, http:\/\/www.prismaoptica.es\/web\/wp-content\/uploads\/2022\/01\/Ishihara_9.png 1125w\" sizes=\"(max-width: 300px) 100vw, 300px\" \/><p id=\"caption-attachment-638\" class=\"wp-caption-text\">\u00a0 \u00a0 \u00a0 \u00a0 \u00a0 \u00a0 \u00a0 \u00a0 \u00a0 \u00a0 Test de Ishihara<\/p><\/div>\n<p>&nbsp;<\/p>\n<p><span style=\"color: #000000; font-size: 14pt;\">Obviamente, si se tienen dudas o sospechas sobre si se tiene daltonismo, lo mejor es acudir a nuestra \u00f3ptica de confianza y solicitar que nos realicen el test de Ishihara y as\u00ed podremos salir de dudas.<\/span><\/p>\n","protected":false},"excerpt":{"rendered":"<p>El daltonismo es una incapacidad para ver la diferencia entre ciertos colores. &nbsp; S\u00edntomas El daltonismo es una afectaci\u00f3n de la vista que puede costar reconocerla, ya que solo nos influye en la forma en la que percibimos los colores y a las personas que lo tienen de nacimiento, la persona da por hecho que [&hellip;]<\/p>\n","protected":false},"author":1,"featured_media":0,"comment_status":"open","ping_status":"open","sticky":false,"template":"","format":"standard","meta":{"jetpack_post_was_ever_published":false,"_jetpack_newsletter_access":"","_jetpack_dont_email_post_to_subs":false,"_jetpack_newsletter_tier_id":0,"footnotes":"","jetpack_publicize_message":"","jetpack_publicize_feature_enabled":true,"jetpack_social_post_already_shared":true,"jetpack_social_options":{"image_generator_settings":{"template":"highway","enabled":false}}},"categories":[1],"tags":[],"jetpack_publicize_connections":[],"jetpack_featured_media_url":"","jetpack_sharing_enabled":true,"jetpack_shortlink":"https:\/\/wp.me\/p8Tz7L-ag","_links":{"self":[{"href":"http:\/\/www.prismaoptica.es\/web\/wp-json\/wp\/v2\/posts\/636"}],"collection":[{"href":"http:\/\/www.prismaoptica.es\/web\/wp-json\/wp\/v2\/posts"}],"about":[{"href":"http:\/\/www.prismaoptica.es\/web\/wp-json\/wp\/v2\/types\/post"}],"author":[{"embeddable":true,"href":"http:\/\/www.prismaoptica.es\/web\/wp-json\/wp\/v2\/users\/1"}],"replies":[{"embeddable":true,"href":"http:\/\/www.prismaoptica.es\/web\/wp-json\/wp\/v2\/comments?post=636"}],"version-history":[{"count":1,"href":"http:\/\/www.prismaoptica.es\/web\/wp-json\/wp\/v2\/posts\/636\/revisions"}],"predecessor-version":[{"id":639,"href":"http:\/\/www.prismaoptica.es\/web\/wp-json\/wp\/v2\/posts\/636\/revisions\/639"}],"wp:attachment":[{"href":"http:\/\/www.prismaoptica.es\/web\/wp-json\/wp\/v2\/media?parent=636"}],"wp:term":[{"taxonomy":"category","embeddable":true,"href":"http:\/\/www.prismaoptica.es\/web\/wp-json\/wp\/v2\/categories?post=636"},{"taxonomy":"post_tag","embeddable":true,"href":"http:\/\/www.prismaoptica.es\/web\/wp-json\/wp\/v2\/tags?post=636"}],"curies":[{"name":"wp","href":"https:\/\/api.w.org\/{rel}","templated":true}]}}