{"id":619,"date":"2022-01-02T19:05:55","date_gmt":"2022-01-02T19:05:55","guid":{"rendered":"http:\/\/www.prismaoptica.es\/web\/?p=619"},"modified":"2022-01-02T19:05:55","modified_gmt":"2022-01-02T19:05:55","slug":"que-son-las-cataratas","status":"publish","type":"post","link":"http:\/\/www.prismaoptica.es\/web\/2022\/01\/02\/que-son-las-cataratas\/","title":{"rendered":"\u00bfQu\u00e9 son las cataratas?"},"content":{"rendered":"<p><span style=\"color: #000000; font-size: 14pt;\">Las cataratas consisten en\u00a0la\u00a0<strong>p\u00e9rdida de transparencia del cristalino,\u00a0<\/strong>una estructura ocular por la que pasan los rayos de luz hasta la retina y all\u00ed se forman las im\u00e1genes. Esta se encuentra detr\u00e1s de la pupila y es una lente natural que tiene el ojo y su principal funci\u00f3n es enfocar a diferentes distancias.<\/span><\/p>\n<p><span style=\"color: #000000; font-size: 14pt;\">Por ello, cuando el cristalino se opacifica e impide el paso n\u00edtido de la luz a la retina, el paciente sufre una p\u00e9rdida progresiva de visi\u00f3n lo cual hace que cada vez vea m\u00e1s borroso.<\/span><\/p>\n<div id=\"twenty20-1\" class=\"twenty20\" style=\"width: 100% !important; clear: both;\"><div class=\"twentytwenty-container twenty20-1 \"><img decoding=\"async\" class=\"skip-lazy\" src=\"http:\/\/www.prismaoptica.es\/web\/wp-content\/uploads\/2022\/01\/vision-normal.jpg\" alt=\"Vision normal\" title=\"Vision normal\" \/><img decoding=\"async\" class=\"skip-lazy\" src=\"http:\/\/www.prismaoptica.es\/web\/wp-content\/uploads\/2022\/01\/con_catarata_5.jpg\" \/><\/div><script>jQuery( document ).ready(function( $ ) {$(\".twentytwenty-container.twenty20-1[data-orientation!='vertical']\").twentytwenty({default_offset_pct: 0.5});$(\".twenty20-1 .twentytwenty-before-label\").html(\"Visi\u00f3n normal\");$(\".twenty20-1 .twentytwenty-after-label\").html(\"Visi\u00f3n con catarata\");});<\/script><\/div>\n<p>&nbsp;<\/p>\n<h2><span style=\"color: #000000;\"><strong>\u00bfPor qu\u00e9 se producen las cataratas?<\/strong><\/span><\/h2>\n<p><span style=\"color: #000000; font-size: 14pt;\"><strong>M\u00e1s del 80 % de las cataratas est\u00e1n relacionadas con la edad<\/strong>, ya que el envejecimiento es el principal responsable de esta patolog\u00eda.<\/span><\/p>\n<p><span style=\"color: #000000; font-size: 14pt;\">Como consecuencia de los procesos oxidativos que afectan al organismo, el cristalino va perdiendo con el tiempo su elasticidad y capacidad de enfoque y tambi\u00e9n su transparencia, desarroll\u00e1ndose progresivamente la enfermedad. De ah\u00ed que la mitad de personas con m\u00e1s de 65 a\u00f1os la padezcan.<\/span><\/p>\n<p>&nbsp;<\/p>\n<p>&nbsp;<\/p>\n<p><span style=\"font-size: 14pt; color: #000000;\">Aqu\u00ed os dejamos un video explicativo sobre las cataratas.<\/span><\/p>\n<div style=\"width: 960px;\" class=\"wp-video\"><!--[if lt IE 9]><script>document.createElement('video');<\/script><![endif]-->\n<video class=\"wp-video-shortcode\" id=\"video-619-1\" width=\"960\" height=\"540\" preload=\"metadata\" controls=\"controls\"><source type=\"video\/mp4\" src=\"http:\/\/www.prismaoptica.es\/web\/wp-content\/uploads\/2022\/01\/\u00bfQu\u00e9-son-las-cataratas_-1080p_24fps_H264-128kbit_AAC.mp4?_=1\" \/><a href=\"http:\/\/www.prismaoptica.es\/web\/wp-content\/uploads\/2022\/01\/\u00bfQu\u00e9-son-las-cataratas_-1080p_24fps_H264-128kbit_AAC.mp4\">http:\/\/www.prismaoptica.es\/web\/wp-content\/uploads\/2022\/01\/\u00bfQu\u00e9-son-las-cataratas_-1080p_24fps_H264-128kbit_AAC.mp4<\/a><\/video><\/div>\n<p>&nbsp;<\/p>\n<p>&nbsp;<\/p>\n<h2><span style=\"color: #000000;\"><strong>\u00bfQu\u00e9\u00a0puede causar las cataratas?<\/strong><\/span><\/h2>\n<p><span style=\"color: #000000; font-size: 14pt;\">Como hemos dicho la mayor\u00eda de cataratas se forman por la edad, pero hay un porcentaje de cataratas que se forman por otros motivos diferentes a la edad. Estos pueden ser gen\u00e9ticos, por traumatismos, enfermedades oculares como la alta miop\u00eda, enfermedades del organismo como la diabetes, la obesidad o la hipertensi\u00f3n arterial o por consumo de ciertos f\u00e1rmacos, como los corticoides.<\/span><\/p>\n<p>&nbsp;<\/p>\n<h2><span style=\"color: #000000;\"><strong>\u00bfC\u00f3mo se pueden prevenir las cataratas?<\/strong><\/span><\/h2>\n<p><span style=\"color: #000000; font-size: 14pt;\">Las cataratas no se pueden prevenir, pero se puede diagnosticar de forma precoz, cuando todav\u00eda no resulta incapacitante para la vida del paciente.<\/span><\/p>\n<p>&nbsp;<\/p>\n<h2><span style=\"color: #000000;\"><strong>\u00bfCu\u00e1ndo se deben operar las cataratas?<\/strong><\/span><\/h2>\n<p><span style=\"color: #000000; font-size: 14pt;\">Para poder detectar su presencia y determinar su tipolog\u00eda, tama\u00f1o y localizaci\u00f3n, as\u00ed como el momento indicado para operarla, se aconsejan\u00a0<strong>revisiones peri\u00f3dicas con el oftalm\u00f3logo<\/strong>\u00a0especialmente a partir de los 40-45 a\u00f1os (edad a la que empieza a activarse el proceso degenerativo del ojo).<\/span><\/p>\n<p><span style=\"color: #000000; font-size: 14pt;\">Para evitar la aceleraci\u00f3n de las cataratas, tambi\u00e9n se recomienda prestar atenci\u00f3n a los\u00a0<strong>h\u00e1bitos de vida que perjudican a la salud ocular<\/strong>\u00a0y que pueden contribuir a su aparici\u00f3n. Algunos pueden ser el <strong>tabaco<\/strong>, la<strong> alimentaci\u00f3n desequilibrada<\/strong> y la <strong>exposici\u00f3n acumulada al sol sin protecci\u00f3n.<\/strong><\/span><\/p>\n<p>&nbsp;<\/p>\n<h2><span style=\"color: #000000;\"><strong>S\u00edntomas de las cataratas<\/strong><\/span><\/h2>\n<p><span style=\"color: #000000; font-size: 14pt;\">La edad y la distribuci\u00f3n de la opacificaci\u00f3n\u00a0son los principales factores que determinan el impacto de las cataratas sobre la visi\u00f3n.<\/span><\/p>\n<p><span style=\"color: #000000; font-size: 14pt;\">Entre los s\u00edntomas comunes de catarata\u00a0que notan los pacientes cabe destacar:<\/span><\/p>\n<ul>\n<li><span style=\"color: #000000; font-size: 14pt;\">Visi\u00f3n borrosa, \u201cnublada\u201d y, en ocasiones, doble<\/span><\/li>\n<li><span style=\"color: #000000; font-size: 14pt;\">Fotofobia (molestia excesiva ante la luz) y deslumbramientos<\/span><\/li>\n<li><span style=\"color: #000000; font-size: 14pt;\">Disminuci\u00f3n de la sensibilidad a colores, contrastes, relieves, profundidad\u2026<\/span><\/li>\n<li><span style=\"color: #000000; font-size: 14pt;\">Empeoramiento de la visi\u00f3n en d\u00edas soleados<\/span><\/li>\n<li><span style=\"color: #000000; font-size: 14pt;\">Dificultad para conducir de noche<\/span><\/li>\n<li><span style=\"color: #000000; font-size: 14pt;\">P\u00e9rdida de seguridad al andar o subir\/bajar escaleras<\/span><\/li>\n<li><span style=\"color: #000000; font-size: 14pt;\">Aumento de la miop\u00eda (visi\u00f3n lejana poco n\u00edtida)<\/span><\/li>\n<li><span style=\"color: #000000; font-size: 14pt;\">Incapacidad para leer letras peque\u00f1as<\/span><\/li>\n<li><span style=\"color: #000000; font-size: 14pt;\">Recuperaci\u00f3n repentina de la visi\u00f3n que hace que dejen de necesitarse gafas de cerca<\/span><\/li>\n<li><span style=\"color: #000000; font-size: 14pt;\">Cambios frecuentes en la graduaci\u00f3n de las gafas<\/span><\/li>\n<\/ul>\n<p><span style=\"color: #000000; font-size: 14pt;\">La p\u00e9rdida de visi\u00f3n que provoca esta patolog\u00eda\u00a0\u2013tanto en cantidad como en calidad\u2013\u00a0<strong>suele ser muy gradual\u00a0<\/strong>y es por eso que muchos pacientes no la perciban inicialmente y se adapten a ella, experimentando un gran cambio tras la operaci\u00f3n.<\/span><\/p>\n<p>&nbsp;<\/p>\n<h2><span style=\"color: #000000;\"><strong>Las cataratas, primera\u00a0causa mundial de discapacidad visual\u00a0<\/strong><\/span><\/h2>\n<p><span style=\"color: #000000; font-size: 14pt;\">Como curiosidad diremos que las cataratas son la primera causa de discapacidad visual en el mundo (<strong>17 millones de personas padecen ceguera evitable por cataratas<\/strong>).\u00a0 En los pa\u00edses desarrollados, es<strong>\u00a0<\/strong>la patolog\u00eda m\u00e1s operada. Debido al aumento de la esperanza de vida y al envejecimiento de la poblaci\u00f3n, su prevalencia va en aumento.<\/span><\/p>\n<p><span style=\"color: #000000; font-size: 14pt;\">Por eso es muy importante acudir a revisarse la vista y poder controlar la aparici\u00f3n de las cataratas.<\/span><\/p>\n","protected":false},"excerpt":{"rendered":"<p>Las cataratas consisten en\u00a0la\u00a0p\u00e9rdida de transparencia del cristalino,\u00a0una estructura ocular por la que pasan los rayos de luz hasta la retina y all\u00ed se forman las im\u00e1genes. Esta se encuentra detr\u00e1s de la pupila y es una lente natural que tiene el ojo y su principal funci\u00f3n es enfocar a diferentes distancias. Por ello, cuando [&hellip;]<\/p>\n","protected":false},"author":1,"featured_media":0,"comment_status":"open","ping_status":"open","sticky":false,"template":"","format":"standard","meta":{"jetpack_post_was_ever_published":false,"_jetpack_newsletter_access":"","_jetpack_dont_email_post_to_subs":false,"_jetpack_newsletter_tier_id":0,"footnotes":"","jetpack_publicize_message":"","jetpack_publicize_feature_enabled":true,"jetpack_social_post_already_shared":true,"jetpack_social_options":{"image_generator_settings":{"template":"highway","enabled":false}}},"categories":[1],"tags":[],"jetpack_publicize_connections":[],"jetpack_featured_media_url":"","jetpack_sharing_enabled":true,"jetpack_shortlink":"https:\/\/wp.me\/p8Tz7L-9Z","_links":{"self":[{"href":"http:\/\/www.prismaoptica.es\/web\/wp-json\/wp\/v2\/posts\/619"}],"collection":[{"href":"http:\/\/www.prismaoptica.es\/web\/wp-json\/wp\/v2\/posts"}],"about":[{"href":"http:\/\/www.prismaoptica.es\/web\/wp-json\/wp\/v2\/types\/post"}],"author":[{"embeddable":true,"href":"http:\/\/www.prismaoptica.es\/web\/wp-json\/wp\/v2\/users\/1"}],"replies":[{"embeddable":true,"href":"http:\/\/www.prismaoptica.es\/web\/wp-json\/wp\/v2\/comments?post=619"}],"version-history":[{"count":1,"href":"http:\/\/www.prismaoptica.es\/web\/wp-json\/wp\/v2\/posts\/619\/revisions"}],"predecessor-version":[{"id":623,"href":"http:\/\/www.prismaoptica.es\/web\/wp-json\/wp\/v2\/posts\/619\/revisions\/623"}],"wp:attachment":[{"href":"http:\/\/www.prismaoptica.es\/web\/wp-json\/wp\/v2\/media?parent=619"}],"wp:term":[{"taxonomy":"category","embeddable":true,"href":"http:\/\/www.prismaoptica.es\/web\/wp-json\/wp\/v2\/categories?post=619"},{"taxonomy":"post_tag","embeddable":true,"href":"http:\/\/www.prismaoptica.es\/web\/wp-json\/wp\/v2\/tags?post=619"}],"curies":[{"name":"wp","href":"https:\/\/api.w.org\/{rel}","templated":true}]}}