{"id":579,"date":"2021-12-11T17:12:42","date_gmt":"2021-12-11T17:12:42","guid":{"rendered":"http:\/\/www.prismaoptica.es\/web\/?p=579"},"modified":"2021-12-11T17:12:42","modified_gmt":"2021-12-11T17:12:42","slug":"cristales-fotocromaticos","status":"publish","type":"post","link":"http:\/\/www.prismaoptica.es\/web\/2021\/12\/11\/cristales-fotocromaticos\/","title":{"rendered":"Cristales fotocrom\u00e1ticos"},"content":{"rendered":"<p><span style=\"font-size: 14pt;\">Todos (o la mayor\u00eda de gente) hemos o\u00eddo hablar de unas lentes que se oscurecen cuando se sale a la calle, o cuando toca el sol, transform\u00e1ndose en lentes de sol y que al volver a un interior o cuando se va el sol vuelven a aclararse ellos solos.<\/span><\/p>\n<p>&nbsp;<\/p>\n<div id=\"twenty20-1\" class=\"twenty20\" style=\"width: 100% !important; clear: both;\"><div class=\"twentytwenty-container twenty20-1 \"><img decoding=\"async\" class=\"skip-lazy\" src=\"http:\/\/www.prismaoptica.es\/web\/wp-content\/uploads\/2021\/12\/fotocrom1.jpg\" \/><img decoding=\"async\" class=\"skip-lazy\" src=\"http:\/\/www.prismaoptica.es\/web\/wp-content\/uploads\/2021\/12\/fotocrom2.jpg\" \/><\/div><script>jQuery( document ).ready(function( $ ) {$(\".twentytwenty-container.twenty20-1[data-orientation!='vertical']\").twentytwenty({default_offset_pct: 0.5});$(\".twenty20-1 .twentytwenty-before-label\").html(\"Cristales en interior\");$(\".twenty20-1 .twentytwenty-after-label\").html(\"Cristales en el sol\");});<\/script><\/div>\n<p>&nbsp;<\/p>\n<h2><strong>\u00bfC\u00f3mo funcionan los cristales fotocrom\u00e1ticos?<\/strong><\/h2>\n<p><span style=\"font-size: 14pt;\">Los cristales fotocrom\u00e1ticos son aquellos cristales que se oscurecen cuando est\u00e1n expuestos a <strong>radiaci\u00f3n UV<\/strong>, es decir, a los rayos del sol. Una vez dejan de estar expuestos a una fuente UV se van aclarando ellos solos hasta volver a su estado de transparencia.<\/span><\/p>\n<p><span style=\"font-size: 14pt;\">Esto sucede gracias a un tratamiento que se aplica al cristal y que hace que al entrar en contacto con la fuente UV se produzca una reacci\u00f3n fotoqu\u00edmica que da lugar un tono m\u00e1s oscuro del cristal. A esta reacci\u00f3n se le llama <a href=\"https:\/\/es.wikipedia.org\/wiki\/Efecto_fotocrom%C3%A1tico\">efecto fotocrom\u00e1tico<\/a>.<\/span><\/p>\n<p>&nbsp;<\/p>\n<h2><strong>Ventajas del cristal fotocrom\u00e1tico<\/strong><\/h2>\n<p><span style=\"font-size: 14pt;\">La principal ventaja que proporcionan estos cristales es la protecci\u00f3n solar que nos dan al oscurecer los cristales con lo que nos podemos ahorrar las gafas de sol. Hay que recordar que la parte m\u00e1s da\u00f1ina de la luz solar son los rayos UV, pero con unos cristales fotocrom\u00e1ticos, que adem\u00e1s lleven protecci\u00f3n UV, podremos ir con toda la tranquilidad de tener nuestros ojos bien protegidos.<\/span><\/p>\n<p><span style=\"font-size: 14pt;\">Tambi\u00e9n es cierto que este tipo de cristales ha evolucionado mucho en poco tiempo, permitiendo aumentar la velocidad de oscurecimiento del cristal y tambi\u00e9n de aclaramiento, pudiendo pasar a oscuro en <a href=\"https:\/\/www.instagram.com\/p\/CW_bsuFg2rg\/\">poqu\u00edsimos segundos<\/a> y tambi\u00e9n volver a su estado claro en poco m\u00e1s de un minuto.<\/span><\/p>\n<p><span style=\"font-size: 14pt;\">Adem\u00e1s, <strong>Varilux<\/strong> ha cambiado su f\u00f3rmula para que no dependa de la masa del cristal, es decir, antes los cristales fotocrom\u00e1ticos se oscurec\u00edan mas cuanta mas masa de cristal ten\u00eda (dioptr\u00edas), pero de un tiempo hacia aqu\u00ed eso ha sido sustituido y ya no importa si alguien tiene 3 dioptr\u00edas o si tiene media: se oscurecen igual ambos.<\/span><\/p>\n<p><span style=\"font-size: 14pt;\">Desde hace poco existe un fotocrom\u00e1tico que permite oscurecer la lente <strong><a href=\"https:\/\/www.essilor.es\/productos\/transitions\/transitions-xtractive\">incluso dentro del coche<\/a><\/strong> permitiendo, de este modo, poder tener un punto de oscuridad cuando conducimos a pleno sol y a\u00f1adiendo un tono mas de color a la lente fotocrom\u00e1tica cuando se esta en exteriores.<\/span><\/p>\n<p><span style=\"font-size: 14pt;\">Como desventaja entre comillas diremos que los cristales fotocrom\u00e1ticos no tienen la transparencia de un cristal normal, ya que siempre queda un poco de color residual de fondo, siendo muy poquito lo que altera al color.<\/span><\/p>\n","protected":false},"excerpt":{"rendered":"<p>Todos (o la mayor\u00eda de gente) hemos o\u00eddo hablar de unas lentes que se oscurecen cuando se sale a la calle, o cuando toca el sol, transform\u00e1ndose en lentes de sol y que al volver a un interior o cuando se va el sol vuelven a aclararse ellos solos. &nbsp; &nbsp; \u00bfC\u00f3mo funcionan los cristales [&hellip;]<\/p>\n","protected":false},"author":1,"featured_media":0,"comment_status":"open","ping_status":"open","sticky":false,"template":"","format":"standard","meta":{"jetpack_post_was_ever_published":false,"_jetpack_newsletter_access":"","_jetpack_dont_email_post_to_subs":false,"_jetpack_newsletter_tier_id":0,"footnotes":"","jetpack_publicize_message":"","jetpack_publicize_feature_enabled":true,"jetpack_social_post_already_shared":true,"jetpack_social_options":{"image_generator_settings":{"template":"highway","enabled":false}}},"categories":[1],"tags":[],"jetpack_publicize_connections":[],"jetpack_featured_media_url":"","jetpack_sharing_enabled":true,"jetpack_shortlink":"https:\/\/wp.me\/p8Tz7L-9l","_links":{"self":[{"href":"http:\/\/www.prismaoptica.es\/web\/wp-json\/wp\/v2\/posts\/579"}],"collection":[{"href":"http:\/\/www.prismaoptica.es\/web\/wp-json\/wp\/v2\/posts"}],"about":[{"href":"http:\/\/www.prismaoptica.es\/web\/wp-json\/wp\/v2\/types\/post"}],"author":[{"embeddable":true,"href":"http:\/\/www.prismaoptica.es\/web\/wp-json\/wp\/v2\/users\/1"}],"replies":[{"embeddable":true,"href":"http:\/\/www.prismaoptica.es\/web\/wp-json\/wp\/v2\/comments?post=579"}],"version-history":[{"count":1,"href":"http:\/\/www.prismaoptica.es\/web\/wp-json\/wp\/v2\/posts\/579\/revisions"}],"predecessor-version":[{"id":582,"href":"http:\/\/www.prismaoptica.es\/web\/wp-json\/wp\/v2\/posts\/579\/revisions\/582"}],"wp:attachment":[{"href":"http:\/\/www.prismaoptica.es\/web\/wp-json\/wp\/v2\/media?parent=579"}],"wp:term":[{"taxonomy":"category","embeddable":true,"href":"http:\/\/www.prismaoptica.es\/web\/wp-json\/wp\/v2\/categories?post=579"},{"taxonomy":"post_tag","embeddable":true,"href":"http:\/\/www.prismaoptica.es\/web\/wp-json\/wp\/v2\/tags?post=579"}],"curies":[{"name":"wp","href":"https:\/\/api.w.org\/{rel}","templated":true}]}}