{"id":519,"date":"2021-11-10T17:29:02","date_gmt":"2021-11-10T17:29:02","guid":{"rendered":"http:\/\/www.prismaoptica.es\/web\/?p=519"},"modified":"2021-11-30T16:48:21","modified_gmt":"2021-11-30T16:48:21","slug":"ambliopia-u-ojo-vago","status":"publish","type":"post","link":"http:\/\/www.prismaoptica.es\/web\/2021\/11\/10\/ambliopia-u-ojo-vago\/","title":{"rendered":"Ambliop\u00eda u ojo vago"},"content":{"rendered":"<h2><span style=\"color: #000000;\"><strong>\u00bfQu\u00e9 es la Ambliop\u00eda u ojo vago?<\/strong><\/span><\/h2>\n<p><span style=\"font-size: 14pt; color: #000000;\">La\u00a0<strong>ambliop\u00eda<\/strong>, tambi\u00e9n conocida como\u00a0<strong>ojo vago<\/strong>, es la disminuci\u00f3n de la capacidad visual de uno o de ambos ojos, por falta de uso durante el per\u00edodo de aprendizaje visual. Es una patolog\u00eda que se origina en la\u00a0<strong>infancia<\/strong>, y que\u00a0<strong>si no se diagnostica y trata a tiempo persistir\u00e1 durante la edad adulta<\/strong>. Es el motivo m\u00e1s frecuente de p\u00e9rdida de visi\u00f3n en los ni\u00f1os y j\u00f3venes en los pa\u00edses desarrollados, y afecta al 3-4% de ni\u00f1os en edad escolar.<\/span><\/p>\n<p>&nbsp;<\/p>\n<h2><span style=\"color: #000000;\"><strong>\u00bfPor qu\u00e9 se produce?<\/strong><\/span><\/h2>\n<p><span style=\"font-size: 14pt; color: #000000;\">Pueden haber varias causas:<\/span><\/p>\n<ul>\n<li><span style=\"font-size: 14pt; color: #000000;\"><strong>Estrabismo<\/strong>: que significa que el ni\u00f1o desv\u00eda uno o ambos ojos. El cerebro para no ver dos im\u00e1genes, anular\u00e1 la visi\u00f3n del ojo desviado, de manera que impedir\u00e1 el desarrollo normal de ese ojo.<\/span><\/li>\n<li><span style=\"font-size: 14pt; color: #000000;\"><strong>Graduaci\u00f3n:<\/strong> si el ni\u00f1o tiene miop\u00eda, hipermetrop\u00eda o astigmatismo la imagen que formar\u00e1 en ese ojo se ver\u00e1 borrosa ayudando a la anulaci\u00f3n de dicho ojo.<\/span><\/li>\n<li><span style=\"font-size: 14pt; color: #000000;\"><strong>Anisometrop\u00eda<\/strong>: es decir, diferencia de dioptr\u00edas de un ojo con otro. Cuando uno de los dos tiene m\u00e1s graduaci\u00f3n, esa imagen ser\u00e1 m\u00e1s borrosa, por lo que el cerebro por el mismo mecanismo explicado anteriormente lo que har\u00e1 ser\u00e1 escoger el ojo con menor graduaci\u00f3n, y mejor visi\u00f3n, haciendo que el otro \u201cno trabaje\u201d.<\/span><\/li>\n<li><span style=\"font-size: 14pt; color: #000000;\"><strong>Causa org\u00e1nica<\/strong>: es cuando hay un obst\u00e1culo en el eje visual, por ejemplo una catarata cong\u00e9nita, una opacidad en la c\u00f3rnea, una <strong>ptosis<\/strong> (o ca\u00edda del p\u00e1rpado), enfermedades en la retina\u2026, cualquier patolog\u00eda que interfiere en la proyecci\u00f3n de la imagen correcta al cerebro ser\u00e1 causa de ambliop\u00eda.<\/span><\/li>\n<\/ul>\n<p>&nbsp;<\/p>\n<h2><span style=\"color: #000000;\"><strong>\u00bfC\u00f3mo identificar una Ambliop\u00eda?<\/strong><\/span><\/h2>\n<p><span style=\"font-size: 14pt; color: #000000;\">En la mayor\u00eda de los casos\u00a0el ni\u00f1o es asintom\u00e1tico y se desenvuelve con total normalidad; solo en los casos m\u00e1s aparentes identificaremos en los ni\u00f1os \u201cman\u00edas\u201d como torcer la cabeza, parpadeo constante, tener el p\u00e1rpado ca\u00eddo, no prestar atenci\u00f3n, caer con m\u00e1s facilidad,\u00a0etc.\u00a0Estos signos deben alertar a los padres y educadores para acudir a consultar a un oftalm\u00f3logo especialista en\u00a0<strong>visi\u00f3n infantil o pedi\u00e1trica,\u00a0<\/strong>independientemente de la edad del ni\u00f1o o beb\u00e9, por muy peque\u00f1o que sea, se podr\u00e1 explorar y valorar cu\u00e1l es el problema.<\/span><\/p>\n<p>&nbsp;<\/p>\n<h2><span style=\"color: #000000;\"><strong>Tratamiento del ojo vago<\/strong><\/span><\/h2>\n<p><span style=\"font-size: 14pt; color: #000000;\">Para\u00a0<strong>tratar<\/strong>\u00a0la\u00a0<strong>ambliop\u00eda\u00a0<\/strong>lo primero es identificar la\u00a0<strong>causa\u00a0<\/strong>y corregirla. En el caso de ser una causa de graduaci\u00f3n simplemente se solucionar\u00eda con unas gafas graduadas. Si fuera un obst\u00e1culo visual, cataratas cong\u00e9nitas, parpado ca\u00eddo tapando el ojo, etc. se podr\u00eda operar.<\/span><\/p>\n<p><span style=\"font-size: 14pt; color: #000000;\">Una de las medidas mas efectivas para corregir la ambliop\u00eda es tapar con un parche el ojo sano para obligar al ojo vago a &#8220;trabajar&#8221;. El tiempo y el horario de oclusi\u00f3n depender\u00e1 del grado de ambliop\u00eda que tenga, edad y causa que tenga el ni\u00f1o.<\/span><\/p>\n<p><span style=\"color: #000000;\"><img fetchpriority=\"high\" decoding=\"async\" class=\"aligncenter size-medium wp-image-520\" src=\"http:\/\/www.prismaoptica.es\/web\/wp-content\/uploads\/2021\/11\/ambliopia-300x285.jpg\" alt=\"\" width=\"300\" height=\"285\" srcset=\"http:\/\/www.prismaoptica.es\/web\/wp-content\/uploads\/2021\/11\/ambliopia-300x285.jpg 300w, http:\/\/www.prismaoptica.es\/web\/wp-content\/uploads\/2021\/11\/ambliopia-768x728.jpg 768w, http:\/\/www.prismaoptica.es\/web\/wp-content\/uploads\/2021\/11\/ambliopia-1024x971.jpg 1024w, http:\/\/www.prismaoptica.es\/web\/wp-content\/uploads\/2021\/11\/ambliopia.jpg 2000w\" sizes=\"(max-width: 300px) 100vw, 300px\" \/><\/span><\/p>\n<p>&nbsp;<\/p>\n<p><span style=\"font-size: 14pt; color: #000000;\"><strong>Un diagnostico precoz es fundamental para lograr una buena agudeza visual.<\/strong><\/span><\/p>\n<p>&nbsp;<\/p>\n","protected":false},"excerpt":{"rendered":"<p>\u00bfQu\u00e9 es la Ambliop\u00eda u ojo vago? La\u00a0ambliop\u00eda, tambi\u00e9n conocida como\u00a0ojo vago, es la disminuci\u00f3n de la capacidad visual de uno o de ambos ojos, por falta de uso durante el per\u00edodo de aprendizaje visual. Es una patolog\u00eda que se origina en la\u00a0infancia, y que\u00a0si no se diagnostica y trata a tiempo persistir\u00e1 durante la [&hellip;]<\/p>\n","protected":false},"author":1,"featured_media":0,"comment_status":"open","ping_status":"open","sticky":false,"template":"","format":"standard","meta":{"jetpack_post_was_ever_published":false,"_jetpack_newsletter_access":"","_jetpack_dont_email_post_to_subs":false,"_jetpack_newsletter_tier_id":0,"footnotes":"","jetpack_publicize_message":"","jetpack_publicize_feature_enabled":true,"jetpack_social_post_already_shared":true,"jetpack_social_options":{"image_generator_settings":{"template":"highway","enabled":false}}},"categories":[1],"tags":[],"jetpack_publicize_connections":[],"jetpack_featured_media_url":"","jetpack_sharing_enabled":true,"jetpack_shortlink":"https:\/\/wp.me\/p8Tz7L-8n","_links":{"self":[{"href":"http:\/\/www.prismaoptica.es\/web\/wp-json\/wp\/v2\/posts\/519"}],"collection":[{"href":"http:\/\/www.prismaoptica.es\/web\/wp-json\/wp\/v2\/posts"}],"about":[{"href":"http:\/\/www.prismaoptica.es\/web\/wp-json\/wp\/v2\/types\/post"}],"author":[{"embeddable":true,"href":"http:\/\/www.prismaoptica.es\/web\/wp-json\/wp\/v2\/users\/1"}],"replies":[{"embeddable":true,"href":"http:\/\/www.prismaoptica.es\/web\/wp-json\/wp\/v2\/comments?post=519"}],"version-history":[{"count":4,"href":"http:\/\/www.prismaoptica.es\/web\/wp-json\/wp\/v2\/posts\/519\/revisions"}],"predecessor-version":[{"id":551,"href":"http:\/\/www.prismaoptica.es\/web\/wp-json\/wp\/v2\/posts\/519\/revisions\/551"}],"wp:attachment":[{"href":"http:\/\/www.prismaoptica.es\/web\/wp-json\/wp\/v2\/media?parent=519"}],"wp:term":[{"taxonomy":"category","embeddable":true,"href":"http:\/\/www.prismaoptica.es\/web\/wp-json\/wp\/v2\/categories?post=519"},{"taxonomy":"post_tag","embeddable":true,"href":"http:\/\/www.prismaoptica.es\/web\/wp-json\/wp\/v2\/tags?post=519"}],"curies":[{"name":"wp","href":"https:\/\/api.w.org\/{rel}","templated":true}]}}