{"id":504,"date":"2021-10-24T13:11:42","date_gmt":"2021-10-24T13:11:42","guid":{"rendered":"http:\/\/www.prismaoptica.es\/web\/?p=504"},"modified":"2021-11-30T16:49:08","modified_gmt":"2021-11-30T16:49:08","slug":"resolviendo-dudas-sobre-audifonos","status":"publish","type":"post","link":"http:\/\/www.prismaoptica.es\/web\/2021\/10\/24\/resolviendo-dudas-sobre-audifonos\/","title":{"rendered":"Resolviendo dudas sobre aud\u00edfonos"},"content":{"rendered":"<p><img fetchpriority=\"high\" decoding=\"async\" class=\"aligncenter size-full wp-image-505\" src=\"http:\/\/www.prismaoptica.es\/web\/wp-content\/uploads\/2021\/10\/audiometria.jpg\" alt=\"\" width=\"616\" height=\"307\" srcset=\"http:\/\/www.prismaoptica.es\/web\/wp-content\/uploads\/2021\/10\/audiometria.jpg 616w, http:\/\/www.prismaoptica.es\/web\/wp-content\/uploads\/2021\/10\/audiometria-300x150.jpg 300w, http:\/\/www.prismaoptica.es\/web\/wp-content\/uploads\/2021\/10\/audiometria-570x285.jpg 570w\" sizes=\"(max-width: 616px) 100vw, 616px\" \/><\/p>\n<p><span style=\"font-size: 14pt; color: #000000;\">A mucha gente la da verg\u00fcenza llevar aud\u00edfonos porque piensan que ense\u00f1an al mundo que tienen un defecto; pero para nada es as\u00ed. Los aud\u00edfonos son exactamente como unas gafas o como una dentadura postiza: es algo que nos complementa una p\u00e9rdida y nos da o nos devuelve una calidad de vida perdida. Es por eso que queremos ampliar un poco la informaci\u00f3n acerca de los aud\u00edfonos, sin entrar en especificaciones t\u00e9cnicas ni especificaciones individuales.<\/span><\/p>\n<p>&nbsp;<\/p>\n<h2><span style=\"font-size: 18pt; color: #000000;\"><strong>Primero de todo: \u00bfC\u00f3mo s\u00e9 que necesito un aud\u00edfono?<\/strong><\/span><\/h2>\n<p><span style=\"font-size: 14pt; color: #000000;\">Para saber si se requiere un aud\u00edfono lo primero es darse cuenta que uno quiz\u00e1 no oye tan bien como antes. Esto nos lo podr\u00e1n confirmar las personas de nuestro alrededor, ya sea coment\u00e1ndonos acerca de lo alto que est\u00e1 el televisor o incluso el hecho de tener que repetir las frases. En estos casos hay que coger hora para hacer una revisi\u00f3n del o\u00eddo. Esta prueba es totalmente indolora y consta, simplemente, de ponerse unos auriculares y levantar la mano cuando se oye una se\u00f1al auditiva. Esta prueba es muy r\u00e1pida de hacer y nos proporciona la informaci\u00f3n necesaria acerca del estado de la audici\u00f3n.<\/span><\/p>\n<p>&nbsp;<\/p>\n<h2><span style=\"font-size: 18pt; color: #000000;\"><strong>\u00bfSoy demasiado joven o mayor para usarlo?<\/strong><\/span><\/h2>\n<p><span style=\"font-size: 14pt; color: #000000;\">Nunca se es demasiado joven o mayor para ello ya que las p\u00e9rdidas auditivas pueden tener varias causas: desde causas que ya vienen de cuando se es peque\u00f1o, hasta p\u00e9rdidas relacionadas con un trabajo donde hay mucho ruido.<\/span><\/p>\n<p>&nbsp;<\/p>\n<h2><span style=\"font-size: 18pt; color: #000000;\"><strong>\u00bfSon muy caros?<\/strong><\/span><\/h2>\n<p><span style=\"font-size: 14pt; color: #000000;\">Los aud\u00edfonos son una ayuda dise\u00f1ada y creada espec\u00edficamente para cada persona: muchas veces va desde el molde hasta su programaci\u00f3n. Eso implica que habr\u00e1 un coste, pero este depender\u00e1 de las necesidades auditivas que tengamos y tambi\u00e9n de nuestro estilo de vida. Por eso el rango de precios puede ser muy variado y es necesario aportar toda la informaci\u00f3n posible al profesional para que nos pueda orientar de la mejor forma posible.<\/span><\/p>\n<p>&nbsp;<\/p>\n<h2><span style=\"font-size: 18pt; color: #000000;\"><strong>\u00bfEs mejor llevar dos aud\u00edfonos o uno?<\/strong><\/span><\/h2>\n<p><span style=\"font-size: 14pt; color: #000000;\">Nuestro sistema auditivo funciona combinando los dos o\u00eddos, con lo cual, si hay p\u00e9rdidas en ambos es aconsejable llevar dos aud\u00edfonos para suplir las p\u00e9rdidas. De esta forma nuestra audici\u00f3n mejorar\u00e1 de forma sustancial.<\/span><\/p>\n<p>&nbsp;<\/p>\n<h2><span style=\"font-size: 18pt; color: #000000;\"><strong>\u00bfSi no me los pongo perder\u00e9 m\u00e1s audici\u00f3n?<\/strong><\/span><\/h2>\n<p><span style=\"font-size: 14pt; color: #000000;\">La evoluci\u00f3n de una p\u00e9rdida auditiva depende de muchos factores, pero est\u00e1 claro que al no pon\u00e9rnoslo no estamos estimulando la audici\u00f3n y con ello podemos acelerar la p\u00e9rdida auditiva.<\/span><\/p>\n<p>&nbsp;<\/p>\n<h2><span style=\"font-size: 18pt; color: #000000;\"><strong>Yo oigo, pero no entiendo lo que dicen.<\/strong><\/span><\/h2>\n<p><span style=\"font-size: 14pt; color: #000000;\">Eso es muy com\u00fan y puede ser un claro indicio de falta de audici\u00f3n. Hay que pensar que los aud\u00edfonos no solo nos ampl\u00edan el sonido si no que nos pueden proporcionar matices sonoros que hab\u00edamos perdido y que pueden ser necesarios para entender una conversaci\u00f3n.<\/span><\/p>\n<p>&nbsp;<\/p>\n<h2><span style=\"font-size: 18pt; color: #000000;\"><strong>\u00bfCon ellos oir\u00e9 como antes?<\/strong><\/span><\/h2>\n<p><span style=\"font-size: 14pt; color: #000000;\">Es muy dif\u00edcil que algo artificial iguale a algo natural, pero tambi\u00e9n es cierto que los aud\u00edfonos actuales tienen tecnolog\u00edas que ayudan a poder captar los sonidos de forma m\u00e1s natural.<\/span><\/p>\n<p>&nbsp;<\/p>\n<h2><span style=\"font-size: 18pt; color: #000000;\"><strong>Se oyen muchos &#8220;ruidos&#8221; con los aud\u00edfonos.<\/strong><\/span><\/h2>\n<p><span style=\"font-size: 14pt; color: #000000;\">Es cierto que cuando se lleva aud\u00edfonos se oyen m\u00e1s ruidos que cuando no se lleva, pero eso es porque la propia p\u00e9rdida auditiva hace que muchos de estos ruidos cotidianos queden anulados o minimizados. Cuando llevamos los aud\u00edfonos estos sonidos vuelven a aparecer y nos parecen extra\u00f1os porque ya no los ten\u00edamos presentes. Tambi\u00e9n hay que decir que si un aud\u00edfono est\u00e1 bien adaptado solo se deber\u00edan o\u00edr este tipo de ruidos cotidianos.<\/span><\/p>\n<p>&nbsp;<\/p>\n<p><span style=\"font-size: 14pt; color: #000000;\">Os animamos a que os hag\u00e1is una prueba totalmente gratuita para comprobar si verdaderamente o\u00eds bien.<\/span><\/p>\n","protected":false},"excerpt":{"rendered":"<p>A mucha gente la da verg\u00fcenza llevar aud\u00edfonos porque piensan que ense\u00f1an al mundo que tienen un defecto; pero para nada es as\u00ed. Los aud\u00edfonos son exactamente como unas gafas o como una dentadura postiza: es algo que nos complementa una p\u00e9rdida y nos da o nos devuelve una calidad de vida perdida. Es por [&hellip;]<\/p>\n","protected":false},"author":1,"featured_media":0,"comment_status":"open","ping_status":"open","sticky":false,"template":"","format":"standard","meta":{"jetpack_post_was_ever_published":false,"_jetpack_newsletter_access":"","_jetpack_dont_email_post_to_subs":false,"_jetpack_newsletter_tier_id":0,"footnotes":"","jetpack_publicize_message":"","jetpack_publicize_feature_enabled":true,"jetpack_social_post_already_shared":true,"jetpack_social_options":{"image_generator_settings":{"template":"highway","enabled":false}}},"categories":[1],"tags":[],"jetpack_publicize_connections":[],"jetpack_featured_media_url":"","jetpack_sharing_enabled":true,"jetpack_shortlink":"https:\/\/wp.me\/p8Tz7L-88","_links":{"self":[{"href":"http:\/\/www.prismaoptica.es\/web\/wp-json\/wp\/v2\/posts\/504"}],"collection":[{"href":"http:\/\/www.prismaoptica.es\/web\/wp-json\/wp\/v2\/posts"}],"about":[{"href":"http:\/\/www.prismaoptica.es\/web\/wp-json\/wp\/v2\/types\/post"}],"author":[{"embeddable":true,"href":"http:\/\/www.prismaoptica.es\/web\/wp-json\/wp\/v2\/users\/1"}],"replies":[{"embeddable":true,"href":"http:\/\/www.prismaoptica.es\/web\/wp-json\/wp\/v2\/comments?post=504"}],"version-history":[{"count":6,"href":"http:\/\/www.prismaoptica.es\/web\/wp-json\/wp\/v2\/posts\/504\/revisions"}],"predecessor-version":[{"id":553,"href":"http:\/\/www.prismaoptica.es\/web\/wp-json\/wp\/v2\/posts\/504\/revisions\/553"}],"wp:attachment":[{"href":"http:\/\/www.prismaoptica.es\/web\/wp-json\/wp\/v2\/media?parent=504"}],"wp:term":[{"taxonomy":"category","embeddable":true,"href":"http:\/\/www.prismaoptica.es\/web\/wp-json\/wp\/v2\/categories?post=504"},{"taxonomy":"post_tag","embeddable":true,"href":"http:\/\/www.prismaoptica.es\/web\/wp-json\/wp\/v2\/tags?post=504"}],"curies":[{"name":"wp","href":"https:\/\/api.w.org\/{rel}","templated":true}]}}