{"id":495,"date":"2021-10-13T18:34:18","date_gmt":"2021-10-13T18:34:18","guid":{"rendered":"http:\/\/www.prismaoptica.es\/web\/?p=495"},"modified":"2021-11-30T16:49:54","modified_gmt":"2021-11-30T16:49:54","slug":"acufenos","status":"publish","type":"post","link":"http:\/\/www.prismaoptica.es\/web\/2021\/10\/13\/acufenos\/","title":{"rendered":"Ac\u00fafenos"},"content":{"rendered":"<p><img fetchpriority=\"high\" decoding=\"async\" class=\"aligncenter size-full wp-image-497\" src=\"http:\/\/www.prismaoptica.es\/web\/wp-content\/uploads\/2021\/10\/acufeno2.jpg\" alt=\"\" width=\"355\" height=\"142\" srcset=\"http:\/\/www.prismaoptica.es\/web\/wp-content\/uploads\/2021\/10\/acufeno2.jpg 355w, http:\/\/www.prismaoptica.es\/web\/wp-content\/uploads\/2021\/10\/acufeno2-300x120.jpg 300w\" sizes=\"(max-width: 355px) 100vw, 355px\" \/><\/p>\n<p>&nbsp;<\/p>\n<p><span style=\"font-size: 14pt; color: #000000;\">Los ac\u00fafenos o zumbidos en los o\u00eddos son un s\u00edntoma bastante frecuente en la poblaci\u00f3n; sobre un 10-17% de la poblaci\u00f3n lo tiene, aunque puntualmente y en la mayor\u00eda de casos no molesta porque no produce una alteraci\u00f3n en su procesamiento central y no es necesario realizar ning\u00fan tratamiento espec\u00edfico.<\/span><\/p>\n<p><span style=\"font-size: 14pt; color: #000000;\">Se suele tratar de un pitido, un zumbido o como un ruido de red el\u00e9ctrica; aunque los mas frecuentes suelen ser pitidos de tono agudo. En los casos en los que molestan, pueden llegar a alterar el sue\u00f1o o interferir en nuestras tareas del d\u00eda a d\u00eda. Tanto en el primer caso como en el segundo, la persona que lo sufre se puede encontrar m\u00e1s irritable y eso puede afectar en la calidad de vida.<\/span><\/p>\n<p>&nbsp;<\/p>\n<h2><span style=\"color: #000000;\"><strong>\u00bfCu\u00e1ndo se pueden presentar los ac\u00fafenos?<\/strong><\/span><\/h2>\n<p><span style=\"font-size: 14pt; color: #000000;\">Dichos pitidos o zumbidos pueden aparecer si presentamos alguna de estas condiciones:<\/span><\/p>\n<ul>\n<li><span style=\"font-size: 14pt; color: #000000;\">Hipoacusia (sordera o p\u00e9rdida de audici\u00f3n). La propia p\u00e9rdida auditiva puede provocar dichos pitidos, ya que las c\u00e9lulas pilosas que tenemos en el o\u00eddo (que permiten que las ondas sonoras se transformen en se\u00f1ales interpretables para el cerebro) pueden estar quebradas o dobladas, haciendo que se env\u00ede por error una se\u00f1al que no es.<\/span><\/li>\n<li><span style=\"font-size: 14pt; color: #000000;\">La inflamaci\u00f3n u obstrucci\u00f3n (ya sea con l\u00edquidos, cerumen o alg\u00fan cuerpo extra\u00f1o) pueden aumentar la presi\u00f3n en el o\u00eddo provocando el acufeno.<\/span><\/li>\n<li><span style=\"font-size: 14pt; color: #000000;\">Lesiones en la cabeza o cuello. Un traumatismo en el cuello o en la cabeza tambi\u00e9n pueden afectar al o\u00eddo interno, a los nervios auditivos o la funci\u00f3n del cerebro vinculada a la audici\u00f3n. Estas lesiones suelen causar acufenos en un solo o\u00eddo.<\/span><\/li>\n<li><span style=\"font-size: 14pt; color: #000000;\">Muchos medicamentos pueden causar o empeorar los ac\u00fafenos. A menudo, cuanta mas alta sea la dosis de ese medicamento o medicamentos, peor es el acufeno. En este caso es m\u00e1s f\u00e1cil detectarlo porque cuando se interrumpe el consumo del medicamento durante un tiempo, el acufeno suele desaparecer. Entre los medicamentos que causan ac\u00fafenos se encuentran los f\u00e1rmacos antiinflamatorios no esteroideos y algunos antibi\u00f3ticos, f\u00e1rmacos contra el c\u00e1ncer, diur\u00e9ticos, medicamentos contra la malaria y antidepresivos.<\/span><\/li>\n<\/ul>\n<p><span style=\"font-size: 14pt; color: #000000;\">Hay otras causas menos frecuentes que tambi\u00e9n pueden generar ac\u00fafenos.<\/span><\/p>\n<p>&nbsp;<\/p>\n<p><span style=\"color: #000000;\"><img decoding=\"async\" class=\"aligncenter size-full wp-image-498\" src=\"http:\/\/www.prismaoptica.es\/web\/wp-content\/uploads\/2021\/10\/acufeno.jpg\" alt=\"\" width=\"353\" height=\"143\" srcset=\"http:\/\/www.prismaoptica.es\/web\/wp-content\/uploads\/2021\/10\/acufeno.jpg 353w, http:\/\/www.prismaoptica.es\/web\/wp-content\/uploads\/2021\/10\/acufeno-300x122.jpg 300w\" sizes=\"(max-width: 353px) 100vw, 353px\" \/><\/span><\/p>\n<p>&nbsp;<\/p>\n<p>&nbsp;<\/p>\n<h2><span style=\"color: #000000;\"><strong>Factores de riesgo<\/strong><\/span><\/h2>\n<p><span style=\"font-size: 14pt; color: #000000;\">Cualquier persona puede tener ac\u00fafenos, pero los siguientes factores pueden aumentar el riesgo de padecerlo:<\/span><\/p>\n<ul>\n<li><span style=\"font-size: 14pt; color: #000000;\">Exposici\u00f3n a ruidos fuertes.<\/span><\/li>\n<li><\/li>\n<li><span style=\"font-size: 14pt; color: #000000;\">Consumo de tabaco y alcohol.<\/span><\/li>\n<li><span style=\"font-size: 14pt; color: #000000;\">Obesidad<\/span><\/li>\n<li><span style=\"font-size: 14pt; color: #000000;\">Problemas cardiovasculares.<\/span><\/li>\n<\/ul>\n<p>&nbsp;<\/p>\n<h2><span style=\"color: #000000;\"><strong>\u00bfC\u00f3mo prevenir?<\/strong><\/span><\/h2>\n<p><span style=\"font-size: 14pt; color: #000000;\">Muchas veces los ac\u00fafenos nos vienen de algo que no podemos prevenir, pero si es cierto que algunas precauciones pueden ayudar a prevenir su aparici\u00f3n:<\/span><\/p>\n<ul>\n<li><span style=\"font-size: 14pt; color: #000000;\">Usar protecci\u00f3n auditiva en caso de estar expuesto a fuertes ruidos durante un tiempo prolongado.<\/span><\/li>\n<li><span style=\"font-size: 14pt; color: #000000;\">Balar el volumen de auriculares.<\/span><\/li>\n<li><span style=\"font-size: 14pt; color: #000000;\">Cuidar la salud cardiovascular.<\/span><\/li>\n<li><span style=\"font-size: 14pt; color: #000000;\">Limitar el consumo de alcohol, cafe\u00edna y nicotina.<\/span><\/li>\n<li><span style=\"font-size: 14pt; color: #000000;\">Hacer revisiones del o\u00eddo peri\u00f3dicamente.<\/span><\/li>\n<\/ul>\n<p>&nbsp;<\/p>\n<h2><span style=\"color: #000000;\"><strong>\u00bfQu\u00e9 hacer si sufro de ac\u00fafenos?<\/strong><\/span><\/h2>\n<p><span style=\"font-size: 14pt; color: #000000;\">Lo mejor que puedes hacer en los tiempos que estamos es pedirnos hora y que te miremos como tienes el o\u00eddo, ya que puede ser algo puntual o puede ser una perdida de audici\u00f3n. En cualquiera de los dos casos nosotros te lo podemos mirar en la m\u00e1xima brevedad posible.<\/span><\/p>\n<p>&nbsp;<\/p>\n<p>&nbsp;<\/p>\n","protected":false},"excerpt":{"rendered":"<p>&nbsp; Los ac\u00fafenos o zumbidos en los o\u00eddos son un s\u00edntoma bastante frecuente en la poblaci\u00f3n; sobre un 10-17% de la poblaci\u00f3n lo tiene, aunque puntualmente y en la mayor\u00eda de casos no molesta porque no produce una alteraci\u00f3n en su procesamiento central y no es necesario realizar ning\u00fan tratamiento espec\u00edfico. Se suele tratar de [&hellip;]<\/p>\n","protected":false},"author":1,"featured_media":0,"comment_status":"open","ping_status":"open","sticky":false,"template":"","format":"standard","meta":{"jetpack_post_was_ever_published":false,"_jetpack_newsletter_access":"","_jetpack_dont_email_post_to_subs":false,"_jetpack_newsletter_tier_id":0,"footnotes":"","jetpack_publicize_message":"","jetpack_publicize_feature_enabled":true,"jetpack_social_post_already_shared":true,"jetpack_social_options":{"image_generator_settings":{"template":"highway","enabled":false}}},"categories":[1],"tags":[],"jetpack_publicize_connections":[],"jetpack_featured_media_url":"","jetpack_sharing_enabled":true,"jetpack_shortlink":"https:\/\/wp.me\/s8Tz7L-acufenos","_links":{"self":[{"href":"http:\/\/www.prismaoptica.es\/web\/wp-json\/wp\/v2\/posts\/495"}],"collection":[{"href":"http:\/\/www.prismaoptica.es\/web\/wp-json\/wp\/v2\/posts"}],"about":[{"href":"http:\/\/www.prismaoptica.es\/web\/wp-json\/wp\/v2\/types\/post"}],"author":[{"embeddable":true,"href":"http:\/\/www.prismaoptica.es\/web\/wp-json\/wp\/v2\/users\/1"}],"replies":[{"embeddable":true,"href":"http:\/\/www.prismaoptica.es\/web\/wp-json\/wp\/v2\/comments?post=495"}],"version-history":[{"count":5,"href":"http:\/\/www.prismaoptica.es\/web\/wp-json\/wp\/v2\/posts\/495\/revisions"}],"predecessor-version":[{"id":555,"href":"http:\/\/www.prismaoptica.es\/web\/wp-json\/wp\/v2\/posts\/495\/revisions\/555"}],"wp:attachment":[{"href":"http:\/\/www.prismaoptica.es\/web\/wp-json\/wp\/v2\/media?parent=495"}],"wp:term":[{"taxonomy":"category","embeddable":true,"href":"http:\/\/www.prismaoptica.es\/web\/wp-json\/wp\/v2\/categories?post=495"},{"taxonomy":"post_tag","embeddable":true,"href":"http:\/\/www.prismaoptica.es\/web\/wp-json\/wp\/v2\/tags?post=495"}],"curies":[{"name":"wp","href":"https:\/\/api.w.org\/{rel}","templated":true}]}}