{"id":484,"date":"2021-09-29T18:02:46","date_gmt":"2021-09-29T18:02:46","guid":{"rendered":"http:\/\/www.prismaoptica.es\/web\/?p=484"},"modified":"2021-11-30T16:50:48","modified_gmt":"2021-11-30T16:50:48","slug":"el-riesgo-de-las-gafas-premontadas","status":"publish","type":"post","link":"http:\/\/www.prismaoptica.es\/web\/2021\/09\/29\/el-riesgo-de-las-gafas-premontadas\/","title":{"rendered":"El riesgo de las gafas premontadas"},"content":{"rendered":"<p><span style=\"font-size: 14pt; color: #000000;\">Todos conocemos las gafas premontadas: son las gafas de farmacia, incluso de mercadillo. Este tipo de gafas son \u00fatiles para casos puntuales o para emergencias en las que hay que leer algo breve, pero el problema reside cuando se usan como algo habitual.<\/span><\/p>\n<p>&nbsp;<\/p>\n<h2><span style=\"color: #000000;\"><b>\u00bfQu\u00e9<\/b><strong>\u00a0son las gafas premontadas?<\/strong><\/span><\/h2>\n<h2>\n<span style=\"color: #000000;\"> <img fetchpriority=\"high\" decoding=\"async\" class=\"aligncenter size-medium wp-image-480\" src=\"http:\/\/www.prismaoptica.es\/web\/wp-content\/uploads\/2021\/09\/premontada-1-300x200.jpg\" alt=\"gafas premontadas rojas\" width=\"300\" height=\"200\" srcset=\"http:\/\/www.prismaoptica.es\/web\/wp-content\/uploads\/2021\/09\/premontada-1-300x200.jpg 300w, http:\/\/www.prismaoptica.es\/web\/wp-content\/uploads\/2021\/09\/premontada-1-570x380.jpg 570w, http:\/\/www.prismaoptica.es\/web\/wp-content\/uploads\/2021\/09\/premontada-1-380x254.jpg 380w, http:\/\/www.prismaoptica.es\/web\/wp-content\/uploads\/2021\/09\/premontada-1-285x190.jpg 285w, http:\/\/www.prismaoptica.es\/web\/wp-content\/uploads\/2021\/09\/premontada-1.jpg 700w\" sizes=\"(max-width: 300px) 100vw, 300px\" \/><\/span><\/h2>\n<p><span style=\"font-size: 14pt; color: #000000;\">Este tipo de gafas est\u00e1n fabricadas con una graduaci\u00f3n preestablecida, es decir, los dos cristales vienen graduados y con la misma graduaci\u00f3n para ambos ojos y tampoco tienen en cuenta nunca si la persona tiene astigmatismo o no.<\/span><br \/>\n<span style=\"font-size: 14pt; color: #000000;\"> Su popularidad reside en su precio y en la facilidad que hay en conseguirlas. Precisamente esta \u00faltima parte hace que muchas de las premontadas se adquieran en sitios donde no deber\u00eda adquirirse, ya que algunos de estos sitios no disponen de controles sanitarios adecuados para tal producto.<\/span><\/p>\n<p>&nbsp;<\/p>\n<h2><span style=\"color: #000000;\"><strong>Riesgos de las gafas premontadas<\/strong><\/span><\/h2>\n<p><span style=\"color: #000000;\"><img decoding=\"async\" class=\"aligncenter size-medium wp-image-481\" src=\"http:\/\/www.prismaoptica.es\/web\/wp-content\/uploads\/2021\/09\/premontada-2-300x169.jpg\" alt=\"Gafas premontadas 2\" width=\"300\" height=\"169\" srcset=\"http:\/\/www.prismaoptica.es\/web\/wp-content\/uploads\/2021\/09\/premontada-2-300x169.jpg 300w, http:\/\/www.prismaoptica.es\/web\/wp-content\/uploads\/2021\/09\/premontada-2-768x432.jpg 768w, http:\/\/www.prismaoptica.es\/web\/wp-content\/uploads\/2021\/09\/premontada-2.jpg 880w\" sizes=\"(max-width: 300px) 100vw, 300px\" \/><\/span><\/p>\n<p><span style=\"font-size: 14pt; color: #000000;\">Como hemos dicho antes, el uso espor\u00e1dico y puntual de estas gafas no supone un riesgo para la salud visual, pero si su uso continuado.<\/span><\/p>\n<p><span style=\"font-size: 14pt; color: #000000;\">Algunos de los problemas que puede derivar su uso:<\/span><br \/>\n<span style=\"font-size: 14pt; color: #000000;\"> \u2022 Incapacidad o errores en el c\u00e1lculo de las distancias en un \u00e1mbito pr\u00f3ximo.<\/span><br \/>\n<span style=\"font-size: 14pt; color: #000000;\"> \u2022 Lagrimeo y aparici\u00f3n de cefaleas, dolores de cabeza y v\u00e9rtigos.<\/span><br \/>\n<span style=\"font-size: 14pt; color: #000000;\"> \u2022 Imposibilidad de concentraci\u00f3n, malestar, irritaci\u00f3n y fatiga visual prematura.<\/span><br \/>\n<span style=\"font-size: 14pt; color: #000000;\"> \u2022 Desarrollo o aumento de patolog\u00edas visuales por la falta de control profesional.<\/span><br \/>\n<span style=\"font-size: 14pt; color: #000000;\"> \u2022 Cansancio y bajo rendimiento visual y\/o laboral.<\/span><br \/>\n<span style=\"font-size: 14pt; color: #000000;\"> \u2022 Futuros problemas de adaptaci\u00f3n a lentes progresivas.<\/span><br \/>\n<span style=\"font-size: 14pt; color: #000000;\"> \u2022 P\u00e9rdida de visi\u00f3n en uno de los ojos por supresi\u00f3n o disminuci\u00f3n de su uso.<\/span><br \/>\n<span style=\"font-size: 14pt; color: #000000;\"> \u2022 Alteraciones en la acomodaci\u00f3n y aumento descontrolado de la presbicia y otras deficiencias visuales.<\/span><br \/>\n<span style=\"font-size: 14pt; color: #000000;\"> \u2022 Alteraci\u00f3n del equilibrio oculomotor, provocando problemas de alineamiento (estrabismo).<\/span><br \/>\n<span style=\"font-size: 14pt; color: #000000;\"> \u2022 Desequilibrios binoculares, astenopias y anisometrop\u00edas.<\/span><\/p>\n<p><span style=\"font-size: 14pt; color: #000000;\">Es por ese motivo que se recomienda, antes de adquirir una de estas gafas, hacer una revisi\u00f3n optom\u00e9trica completa para saber que graduaci\u00f3n exacta necesitamos y a partir de ah\u00ed, obtener la que mas se adecue a nuestra graduaci\u00f3n. Siempre ser\u00e1 mejor para nuestra salud visual aprovechar una campa\u00f1a de gafas graduadas que usar unas gafas premontadas.<\/span><\/p>\n<p>&nbsp;<\/p>\n<p>&nbsp;<\/p>\n","protected":false},"excerpt":{"rendered":"<p>Todos conocemos las gafas premontadas: son las gafas de farmacia, incluso de mercadillo. Este tipo de gafas son \u00fatiles para casos puntuales o para emergencias en las que hay que leer algo breve, pero el problema reside cuando se usan como algo habitual. &nbsp; \u00bfQu\u00e9\u00a0son las gafas premontadas? Este tipo de gafas est\u00e1n fabricadas con [&hellip;]<\/p>\n","protected":false},"author":1,"featured_media":0,"comment_status":"open","ping_status":"open","sticky":false,"template":"","format":"standard","meta":{"jetpack_post_was_ever_published":false,"_jetpack_newsletter_access":"","_jetpack_dont_email_post_to_subs":false,"_jetpack_newsletter_tier_id":0,"footnotes":"","jetpack_publicize_message":"","jetpack_publicize_feature_enabled":true,"jetpack_social_post_already_shared":true,"jetpack_social_options":{"image_generator_settings":{"template":"highway","enabled":false}}},"categories":[1],"tags":[],"jetpack_publicize_connections":[],"jetpack_featured_media_url":"","jetpack_sharing_enabled":true,"jetpack_shortlink":"https:\/\/wp.me\/p8Tz7L-7O","_links":{"self":[{"href":"http:\/\/www.prismaoptica.es\/web\/wp-json\/wp\/v2\/posts\/484"}],"collection":[{"href":"http:\/\/www.prismaoptica.es\/web\/wp-json\/wp\/v2\/posts"}],"about":[{"href":"http:\/\/www.prismaoptica.es\/web\/wp-json\/wp\/v2\/types\/post"}],"author":[{"embeddable":true,"href":"http:\/\/www.prismaoptica.es\/web\/wp-json\/wp\/v2\/users\/1"}],"replies":[{"embeddable":true,"href":"http:\/\/www.prismaoptica.es\/web\/wp-json\/wp\/v2\/comments?post=484"}],"version-history":[{"count":4,"href":"http:\/\/www.prismaoptica.es\/web\/wp-json\/wp\/v2\/posts\/484\/revisions"}],"predecessor-version":[{"id":558,"href":"http:\/\/www.prismaoptica.es\/web\/wp-json\/wp\/v2\/posts\/484\/revisions\/558"}],"wp:attachment":[{"href":"http:\/\/www.prismaoptica.es\/web\/wp-json\/wp\/v2\/media?parent=484"}],"wp:term":[{"taxonomy":"category","embeddable":true,"href":"http:\/\/www.prismaoptica.es\/web\/wp-json\/wp\/v2\/categories?post=484"},{"taxonomy":"post_tag","embeddable":true,"href":"http:\/\/www.prismaoptica.es\/web\/wp-json\/wp\/v2\/tags?post=484"}],"curies":[{"name":"wp","href":"https:\/\/api.w.org\/{rel}","templated":true}]}}