{"id":475,"date":"2021-09-10T16:09:51","date_gmt":"2021-09-10T16:09:51","guid":{"rendered":"http:\/\/www.prismaoptica.es\/web\/?p=475"},"modified":"2021-11-30T16:51:10","modified_gmt":"2021-11-30T16:51:10","slug":"tonalidad-y-color-de-los-cristales-de-sol","status":"publish","type":"post","link":"http:\/\/www.prismaoptica.es\/web\/2021\/09\/10\/tonalidad-y-color-de-los-cristales-de-sol\/","title":{"rendered":"Tonalidad y color de los cristales de sol"},"content":{"rendered":"<p><img decoding=\"async\" class=\"size-medium wp-image-469 aligncenter\" src=\"http:\/\/www.prismaoptica.es\/web\/wp-content\/uploads\/2021\/09\/sunglasses_glasses_protection_sun_protection_see_sun_eye_protection_lenses-629431-1024x568-300x166.jpg\" alt=\"Gafa de sol \" width=\"300\" height=\"166\" srcset=\"http:\/\/www.prismaoptica.es\/web\/wp-content\/uploads\/2021\/09\/sunglasses_glasses_protection_sun_protection_see_sun_eye_protection_lenses-629431-1024x568-300x166.jpg 300w, http:\/\/www.prismaoptica.es\/web\/wp-content\/uploads\/2021\/09\/sunglasses_glasses_protection_sun_protection_see_sun_eye_protection_lenses-629431-1024x568-768x426.jpg 768w, http:\/\/www.prismaoptica.es\/web\/wp-content\/uploads\/2021\/09\/sunglasses_glasses_protection_sun_protection_see_sun_eye_protection_lenses-629431-1024x568.jpg 1024w\" sizes=\"(max-width: 300px) 100vw, 300px\" \/><\/p>\n<p><span style=\"font-size: 14pt; color: #000000;\">Aunque para muchos las gafas de sol siguen siendo un complemento de moda, cada vez mas personas toman consciencia de la importancia de llevar gafas de sol como protecci\u00f3n ante el sol.<\/span><\/p>\n<p><span style=\"font-size: 14pt; color: #000000;\">Muchas veces pensamos que para protegernos del sol solo necesitamos que el cristal sea bien oscuro, pero eso puede ser un error si el cristal no tiene la protecci\u00f3n UV adecuada para ello. En otro post hablaremos de ello en profundidad.<\/span><\/p>\n<p>&nbsp;<\/p>\n<h2><span style=\"color: #000000;\"><strong>Entonces, \u00bfNo es importante la intensidad de color para la protecci\u00f3n de la vista?<\/strong><\/span><\/h2>\n<p>&nbsp;<\/p>\n<p><span style=\"font-size: 14pt; color: #000000;\">Lo es, pero no para evitarnos el factor UV, si no para la <strong>luminosidad<\/strong> que deja pasar el cristal. Para medirlo existe una escala del <strong>0<\/strong> al <strong>4<\/strong>:<\/span><\/p>\n<ul>\n<li><span style=\"font-size: 14pt; color: #000000;\"><strong>Filtro 0 o de luminosidad atenuada<\/strong>. Son los cristales m\u00e1s claros del mercado. Dejan pasar entre el 80% y el 100% de luz solar a los ojos. Su protecci\u00f3n no es real ni efectiva y solo tienen una funci\u00f3n est\u00e9tica. Se recomienda el uso en interiores y ambientes oscuros, nunca a pleno sol.<\/span><\/li>\n<li><span style=\"font-size: 14pt; color: #000000;\"><strong>Filtro 1 o de luminosidad contrastada<\/strong>. Son lentes claras, pero ligeramente coloreadas. Se utilizan en ambientes de luminosidad solar ligera y permiten el paso de entre el 44% y el 80% de la luz.<\/span><\/li>\n<li><span style=\"font-size: 14pt; color: #000000;\"><strong>Filtro 2 o de luminosidad media<\/strong>. Se trata de cristales medianamente coloreadas usadas para una luminosidad media o est\u00e1ndar. Dejan pasar entre el 19% y el 43% de luz solar.<\/span><\/li>\n<li><span style=\"font-size: 14pt; color: #000000;\"><strong>Filtro 3<\/strong>. Son cristales muy coloreados y oscuros. Su uso se puede dar en aire libre, tanto en playa como en monta\u00f1a. Solo dejan pasar entre el 9% y el 18% de luz.<\/span><\/li>\n<li><span style=\"font-size: 14pt; color: #000000;\"><strong>Filtro 4<\/strong>. Son los cristales mas oscuros que hay y solo se recomiendan para gente que hace deportes acu\u00e1ticos, esqu\u00ed o alta monta\u00f1a. Estos dejan pasar entre el 3% y el 8% de la luz solar. No se recomiendan para conducir, pero si se recomiendan para gente que ha sido operada de cataratas u otros problemas de visi\u00f3n.<\/span><\/li>\n<\/ul>\n<p>&nbsp;<\/p>\n<h2><span style=\"color: #000000;\"><strong>Color de los cristales de sol<\/strong><\/span><\/h2>\n<p><span style=\"color: #000000;\"><img fetchpriority=\"high\" decoding=\"async\" class=\"aligncenter size-medium wp-image-470\" src=\"http:\/\/www.prismaoptica.es\/web\/wp-content\/uploads\/2021\/09\/Que-color-de-cristal-es-mejor-para-las-gafas-de-sol-300x200.jpg\" alt=\"Gafas de sol de diversos colores\" width=\"300\" height=\"200\" srcset=\"http:\/\/www.prismaoptica.es\/web\/wp-content\/uploads\/2021\/09\/Que-color-de-cristal-es-mejor-para-las-gafas-de-sol-300x200.jpg 300w, http:\/\/www.prismaoptica.es\/web\/wp-content\/uploads\/2021\/09\/Que-color-de-cristal-es-mejor-para-las-gafas-de-sol-768x512.jpg 768w, http:\/\/www.prismaoptica.es\/web\/wp-content\/uploads\/2021\/09\/Que-color-de-cristal-es-mejor-para-las-gafas-de-sol-570x380.jpg 570w, http:\/\/www.prismaoptica.es\/web\/wp-content\/uploads\/2021\/09\/Que-color-de-cristal-es-mejor-para-las-gafas-de-sol-380x254.jpg 380w, http:\/\/www.prismaoptica.es\/web\/wp-content\/uploads\/2021\/09\/Que-color-de-cristal-es-mejor-para-las-gafas-de-sol-285x190.jpg 285w, http:\/\/www.prismaoptica.es\/web\/wp-content\/uploads\/2021\/09\/Que-color-de-cristal-es-mejor-para-las-gafas-de-sol.jpg 1000w\" sizes=\"(max-width: 300px) 100vw, 300px\" \/><\/span><\/p>\n<p>&nbsp;<\/p>\n<p><span style=\"font-size: 14pt; color: #000000;\">Si es cierto que el color tambi\u00e9n nos puede influenciar a la hora de escoger y usar unas gafas de sol.<\/span><\/p>\n<p><span style=\"font-size: 14pt; color: #000000;\">Dentro de las gamas de colores hay unos que siempre se usan. En esta ocasi\u00f3n hablaremos de estos, ya que son los m\u00e1s comunes:<\/span><\/p>\n<p><span style=\"font-size: 14pt; color: #000000;\"><strong>El color gris<\/strong> es uno de los mas usados ya que permite ver muy bien la gama de colores y ofrece una buena protecci\u00f3n a los ojos frente a una fuerte luminosidad.<\/span><\/p>\n<p><span style=\"font-size: 14pt; color: #000000;\"><strong>El color marr\u00f3n<\/strong> se usa para mejorar contrastes y para aumentar la luminosidad. Se suelen recomendar para gente que tiene un poco menos de agudeza visual, ya que al mejorar contrastes y aumentar luminosidad permite ver un poco mejor.<\/span><\/p>\n<p><span style=\"font-size: 14pt; color: #000000;\"><strong>EL color verde<\/strong> tambi\u00e9n se usa mucho porque hace la funci\u00f3n del gris, es decir, no desvirt\u00faa los colores y ofrece una buena percepci\u00f3n de contrastes.<\/span><\/p>\n<p><span style=\"font-size: 14pt; color: #000000;\"><strong>El color amarillo<\/strong> se usa para conducci\u00f3n nocturna o tambi\u00e9n para d\u00edas muy nublados. Este color aumenta el contraste y la percepci\u00f3n de relieves. Tambi\u00e9n es cierto que, al dejar pasar mas luz, reduce la fatiga visual.<\/span><\/p>\n<p>&nbsp;<\/p>\n<p><span style=\"font-size: 14pt; color: #000000;\">Hay que decir que los colores fuera de este \u00e1mbito se suelen considerar <strong>puramente est\u00e9ticos<\/strong> y no influyen o no aportan ninguna ventaja al ponerlos.<\/span><\/p>\n<p>&nbsp;<\/p>\n<h2><span style=\"color: #000000;\"><strong>Protecci\u00f3n UV<\/strong><\/span><\/h2>\n<p>&nbsp;<\/p>\n<p><span style=\"font-size: 14pt; color: #000000;\">Hasta ahora hemos visto que el color y la intensidad del mismo son factores a tener en cuenta, pero el verdadero factor importante es la protecci\u00f3n que ofrece los cristales de las gafas de sol.<\/span><\/p>\n<p><span style=\"font-size: 14pt; color: #000000;\">Esta protecci\u00f3n viene dada por el filtro de luz <strong>UV<\/strong> (Ultravioleta). Estos rayos solares son los verdaderos da\u00f1inos y lo que nos deber\u00eda importar m\u00e1s de unas gafas de sol.<\/span><\/p>\n<p><span style=\"font-size: 14pt; color: #000000;\">Para considerarse \u201cgafas de sol\u201d estas gafas deber\u00edan tener un factor de protecci\u00f3n UV de <strong>400<\/strong>.<\/span><\/p>\n<p><span style=\"font-size: 14pt; color: #000000;\">\u00bfC\u00f3mo podemos saber si nuestras gafas llevan el factor de protecci\u00f3n UV 400? Hay varias formas de saberlo. La mas sencilla es mirar la varilla de la montura. Normalmente pone <strong>UV400<\/strong>, pero puede haber varillas en las que no lo ponga.<\/span><\/p>\n<p><span style=\"font-size: 14pt; color: #000000;\">En el caso que salga en la varilla lo mejor es llevar las gafas de sol a tu \u00f3ptica de confianza para que lo miren. All\u00ed podr\u00e1n determinar si los cristales de sol son aptos para llevar o no.<\/span><\/p>\n<p><span style=\"font-size: 14pt; color: #000000;\">Finalmente lo podemos saber de forma casera si tenemos una linterna de luz UV. Solo hay que enfocar la luz UV hacia el cristal y ver si pasa algo de luz UV. Si no pasa luz es que la protecci\u00f3n es correcta.<\/span><\/p>\n<p>&nbsp;<\/p>\n<p>&nbsp;<\/p>\n","protected":false},"excerpt":{"rendered":"<p>Aunque para muchos las gafas de sol siguen siendo un complemento de moda, cada vez mas personas toman consciencia de la importancia de llevar gafas de sol como protecci\u00f3n ante el sol. Muchas veces pensamos que para protegernos del sol solo necesitamos que el cristal sea bien oscuro, pero eso puede ser un error si [&hellip;]<\/p>\n","protected":false},"author":1,"featured_media":0,"comment_status":"open","ping_status":"open","sticky":false,"template":"","format":"standard","meta":{"jetpack_post_was_ever_published":false,"_jetpack_newsletter_access":"","_jetpack_dont_email_post_to_subs":false,"_jetpack_newsletter_tier_id":0,"footnotes":"","jetpack_publicize_message":"","jetpack_publicize_feature_enabled":true,"jetpack_social_post_already_shared":true,"jetpack_social_options":{"image_generator_settings":{"template":"highway","enabled":false}}},"categories":[1],"tags":[],"jetpack_publicize_connections":[],"jetpack_featured_media_url":"","jetpack_sharing_enabled":true,"jetpack_shortlink":"https:\/\/wp.me\/p8Tz7L-7F","_links":{"self":[{"href":"http:\/\/www.prismaoptica.es\/web\/wp-json\/wp\/v2\/posts\/475"}],"collection":[{"href":"http:\/\/www.prismaoptica.es\/web\/wp-json\/wp\/v2\/posts"}],"about":[{"href":"http:\/\/www.prismaoptica.es\/web\/wp-json\/wp\/v2\/types\/post"}],"author":[{"embeddable":true,"href":"http:\/\/www.prismaoptica.es\/web\/wp-json\/wp\/v2\/users\/1"}],"replies":[{"embeddable":true,"href":"http:\/\/www.prismaoptica.es\/web\/wp-json\/wp\/v2\/comments?post=475"}],"version-history":[{"count":3,"href":"http:\/\/www.prismaoptica.es\/web\/wp-json\/wp\/v2\/posts\/475\/revisions"}],"predecessor-version":[{"id":559,"href":"http:\/\/www.prismaoptica.es\/web\/wp-json\/wp\/v2\/posts\/475\/revisions\/559"}],"wp:attachment":[{"href":"http:\/\/www.prismaoptica.es\/web\/wp-json\/wp\/v2\/media?parent=475"}],"wp:term":[{"taxonomy":"category","embeddable":true,"href":"http:\/\/www.prismaoptica.es\/web\/wp-json\/wp\/v2\/categories?post=475"},{"taxonomy":"post_tag","embeddable":true,"href":"http:\/\/www.prismaoptica.es\/web\/wp-json\/wp\/v2\/tags?post=475"}],"curies":[{"name":"wp","href":"https:\/\/api.w.org\/{rel}","templated":true}]}}