{"id":289,"date":"2017-08-01T07:46:15","date_gmt":"2017-08-01T07:46:15","guid":{"rendered":"http:\/\/www.prismaoptica.es\/web\/?p=289"},"modified":"2017-08-01T07:46:47","modified_gmt":"2017-08-01T07:46:47","slug":"10-consells-dhigiene-visual","status":"publish","type":"post","link":"http:\/\/www.prismaoptica.es\/web\/2017\/08\/01\/10-consells-dhigiene-visual\/","title":{"rendered":"10 consells d&#8217;higiene visual"},"content":{"rendered":"<p><img fetchpriority=\"high\" decoding=\"async\" class=\"alignleft wp-image-283\" src=\"http:\/\/www.prismaoptica.es\/web\/wp-content\/uploads\/2017\/08\/uploads_images_entradas_consejos-de-salud-visual_1200x500_1_ull-blau1-300x125.jpg\" alt=\"\" width=\"512\" height=\"213\" srcset=\"http:\/\/www.prismaoptica.es\/web\/wp-content\/uploads\/2017\/08\/uploads_images_entradas_consejos-de-salud-visual_1200x500_1_ull-blau1-300x125.jpg 300w, http:\/\/www.prismaoptica.es\/web\/wp-content\/uploads\/2017\/08\/uploads_images_entradas_consejos-de-salud-visual_1200x500_1_ull-blau1-768x320.jpg 768w, http:\/\/www.prismaoptica.es\/web\/wp-content\/uploads\/2017\/08\/uploads_images_entradas_consejos-de-salud-visual_1200x500_1_ull-blau1-1024x427.jpg 1024w, http:\/\/www.prismaoptica.es\/web\/wp-content\/uploads\/2017\/08\/uploads_images_entradas_consejos-de-salud-visual_1200x500_1_ull-blau1.jpg 1200w\" sizes=\"(max-width: 512px) 100vw, 512px\" \/>10 consells d&#8217;higiene visualPer millorar el nostre benestar visual hem de tenir en compte una s\u00e8rie de consells d&#8217;higiene visual tals com l&#8217;ambient, la il\u00b7luminaci\u00f3, la dist\u00e0ncia al material de treball o el temps de descans.<\/p>\n<hr \/>\n<p><strong>Aquest \u00e9s el nostre dec\u00e0leg d&#8217;higiene visual:<\/strong><\/p>\n<p><strong>Ambient.<\/strong> S&#8217;ha de treballar en ambients airejats (un ambient calor\u00f3s pot provocar cansament ocular) i sempre que sigui possible davant d&#8217;algun espai obert (ventana. ..).<\/p>\n<p><strong>Il luminaci\u00f3.<\/strong> La il luminaci\u00f3 no ha de ser ni massa fort ni massa fluixa, ens hem de sentir c\u00f2modes i treballar sense reflexos sobre el paper. \u00c9s aconsellable treballar amb una llum ambiental i una altra m\u00e9s potent dirigida a l&#8217;objecte de treball. Hem d&#8217;evitar la il luminaci\u00f3 directa sobre els ulls i les ombres, ja que produeixen fatiga.<\/p>\n<p><strong>Dist\u00e0ncia.<\/strong> El material de treball ha d&#8217;estar a 35-40 cm. Si estem escrivint \u00e9s aconsellable agafar el llapis a 1-3 cm de la punta.<\/p>\n<p><strong>Inclinaci\u00f3.<\/strong> El material de treball (libro. ..) s&#8217;ha de inclinar uns 20 graus, d&#8217;aquesta manera s&#8217;eliminen reflexos i permet treballar m\u00e9s lluny quan el material es troba sobre una taula plana.<\/p>\n<p><strong>Postura.<\/strong> \u00c9s molt important la correcta posici\u00f3 de tot el cos: hem de tenir l&#8217;esquena i el cap recta i tocar de peus a terra, sempre que sigui possible. No s&#8217;ha de tor\u00e7ar el cap o el cos. Aix\u00f2 significa que hem d&#8217;evitar llegir estirats a terra o al llit.<\/p>\n<p><strong>Descans.<\/strong> Durant cada hora de treball s&#8217;ha de descansar un m\u00ednim de 5 a 10 minuts, \u00e9s aconsellable que en acabar cada p\u00e0gina aixequem la mirada i enfoquem durant uns segons algun objecte lluny\u00e0, aix\u00f2 permetr\u00e0 relaxar la visi\u00f3.<\/p>\n<p><strong>Visi\u00f3 lateral.<\/strong> Sempre que realitzem un treball de fixaci\u00f3 (ex: conduir, mirar la TV, llegir &#8230;) hem de ser conscients de la visi\u00f3 lateral, de les coses que ens envolten. Per aquest motiu s&#8217;aconsella veure la tele amb el llum enc\u00e8s.<\/p>\n<p>Veient la televisi\u00f3. Pel que fa a la televisi\u00f3, la dist\u00e0ncia correcta per veure-la \u00e9s aproximadament 7 vegades la grand\u00e0ria de la pantalla i no hem veure-inclinats o estirats a terra. La pantalla no ha de tenir reflexos.<\/p>\n<p><strong>Quan apareix la fatiga.<\/strong> Si tenim fatiga ocular, \u00e9s preferible descansar que no for\u00e7ar la vista.<\/p>\n<p><strong>Anar a l&#8217;oftalm\u00f2leg.<\/strong> No hem de mirar fixament els objectes que no veiem amb claredat ni fer refer\u00e8ncies amb els ulls per aconseguir una bona visi\u00f3. Si fent algun gest o aclucant els ulls la visi\u00f3 millora, hem d&#8217;acudir al nostre oftalm\u00f2leg.<\/p>\n","protected":false},"excerpt":{"rendered":"<p>10 consells d&#8217;higiene visualPer millorar el nostre benestar visual hem de tenir en compte una s\u00e8rie de consells d&#8217;higiene visual tals com l&#8217;ambient, la il\u00b7luminaci\u00f3, la dist\u00e0ncia al material de treball o el temps de descans. Aquest \u00e9s el nostre dec\u00e0leg d&#8217;higiene visual: Ambient. S&#8217;ha de treballar en ambients airejats (un ambient calor\u00f3s pot provocar [&hellip;]<\/p>\n","protected":false},"author":1,"featured_media":0,"comment_status":"open","ping_status":"open","sticky":false,"template":"","format":"standard","meta":{"jetpack_post_was_ever_published":false,"_jetpack_newsletter_access":"","_jetpack_dont_email_post_to_subs":false,"_jetpack_newsletter_tier_id":0,"footnotes":"","jetpack_publicize_message":"","jetpack_publicize_feature_enabled":true,"jetpack_social_post_already_shared":false,"jetpack_social_options":{"image_generator_settings":{"template":"highway","enabled":false}}},"categories":[1],"tags":[],"jetpack_publicize_connections":[],"jetpack_featured_media_url":"","jetpack_sharing_enabled":true,"jetpack_shortlink":"https:\/\/wp.me\/p8Tz7L-4F","_links":{"self":[{"href":"http:\/\/www.prismaoptica.es\/web\/wp-json\/wp\/v2\/posts\/289"}],"collection":[{"href":"http:\/\/www.prismaoptica.es\/web\/wp-json\/wp\/v2\/posts"}],"about":[{"href":"http:\/\/www.prismaoptica.es\/web\/wp-json\/wp\/v2\/types\/post"}],"author":[{"embeddable":true,"href":"http:\/\/www.prismaoptica.es\/web\/wp-json\/wp\/v2\/users\/1"}],"replies":[{"embeddable":true,"href":"http:\/\/www.prismaoptica.es\/web\/wp-json\/wp\/v2\/comments?post=289"}],"version-history":[{"count":2,"href":"http:\/\/www.prismaoptica.es\/web\/wp-json\/wp\/v2\/posts\/289\/revisions"}],"predecessor-version":[{"id":291,"href":"http:\/\/www.prismaoptica.es\/web\/wp-json\/wp\/v2\/posts\/289\/revisions\/291"}],"wp:attachment":[{"href":"http:\/\/www.prismaoptica.es\/web\/wp-json\/wp\/v2\/media?parent=289"}],"wp:term":[{"taxonomy":"category","embeddable":true,"href":"http:\/\/www.prismaoptica.es\/web\/wp-json\/wp\/v2\/categories?post=289"},{"taxonomy":"post_tag","embeddable":true,"href":"http:\/\/www.prismaoptica.es\/web\/wp-json\/wp\/v2\/tags?post=289"}],"curies":[{"name":"wp","href":"https:\/\/api.w.org\/{rel}","templated":true}]}}