{"id":272,"date":"2017-08-01T07:25:46","date_gmt":"2017-08-01T07:25:46","guid":{"rendered":"http:\/\/www.prismaoptica.es\/web\/?p=272"},"modified":"2017-08-01T07:26:21","modified_gmt":"2017-08-01T07:26:21","slug":"infancia-i-pantalles-consells-per-una-bona-salut-visual","status":"publish","type":"post","link":"http:\/\/www.prismaoptica.es\/web\/2017\/08\/01\/infancia-i-pantalles-consells-per-una-bona-salut-visual\/","title":{"rendered":"Inf\u00e0ncia i pantalles: consells per una bona salut visual"},"content":{"rendered":"<p><img fetchpriority=\"high\" decoding=\"async\" class=\"wp-image-273 size-full aligncenter\" src=\"http:\/\/www.prismaoptica.es\/web\/wp-content\/uploads\/2017\/08\/Consejospantallasvisualizaci\u00f3n-725x1140.jpg\" alt=\"\" width=\"725\" height=\"1140\" srcset=\"http:\/\/www.prismaoptica.es\/web\/wp-content\/uploads\/2017\/08\/Consejospantallasvisualizaci\u00f3n-725x1140.jpg 725w, http:\/\/www.prismaoptica.es\/web\/wp-content\/uploads\/2017\/08\/Consejospantallasvisualizaci\u00f3n-725x1140-191x300.jpg 191w, http:\/\/www.prismaoptica.es\/web\/wp-content\/uploads\/2017\/08\/Consejospantallasvisualizaci\u00f3n-725x1140-651x1024.jpg 651w\" sizes=\"(max-width: 725px) 100vw, 725px\" \/><\/p>\n<p style=\"padding-left: 60px;\"><span style=\"font-size: 10pt;\">L\u2019aparici\u00f3 de les pantalles en la vida dels nens i les nenes \u00e9s inq\u00fcestionable. La indubtable atracci\u00f3 que exerceixen per a ells tamb\u00e9. Entre els professionals, especialment els que es dediquen a tenir cura de la salut visual, hi ha preocupaci\u00f3 pels efectes a curt, mitj\u00e0 i llarg termini de l\u2019\u00fas dels diferents dispositius, ja que ens trobem davant d\u2019una realitat recent per la qual encara no hi ha massa estudis cient\u00edfics.<\/span><\/p>\n<p style=\"padding-left: 60px;\"><span style=\"font-size: 10pt;\">Per minimitzar els efectes indesitjables sobre la visi\u00f3, el Servei d\u2019Oftalmologia ha desenvolupat una s\u00e8rie de consells en l\u2019\u00fas de pantalles. Encara que la nostra inspiraci\u00f3 s\u00f3n els nens, nenes i joves, aquests consells s\u00f3n \u00fatils tamb\u00e9 per als adults.<\/span><\/p>\n","protected":false},"excerpt":{"rendered":"<p>L\u2019aparici\u00f3 de les pantalles en la vida dels nens i les nenes \u00e9s inq\u00fcestionable. La indubtable atracci\u00f3 que exerceixen per a ells tamb\u00e9. Entre els professionals, especialment els que es dediquen a tenir cura de la salut visual, hi ha preocupaci\u00f3 pels efectes a curt, mitj\u00e0 i llarg termini de l\u2019\u00fas dels diferents dispositius, ja [&hellip;]<\/p>\n","protected":false},"author":1,"featured_media":0,"comment_status":"open","ping_status":"open","sticky":false,"template":"","format":"standard","meta":{"jetpack_post_was_ever_published":false,"_jetpack_newsletter_access":"","_jetpack_dont_email_post_to_subs":false,"_jetpack_newsletter_tier_id":0,"footnotes":"","jetpack_publicize_message":"","jetpack_publicize_feature_enabled":true,"jetpack_social_post_already_shared":false,"jetpack_social_options":{"image_generator_settings":{"template":"highway","enabled":false}}},"categories":[1],"tags":[],"jetpack_publicize_connections":[],"jetpack_featured_media_url":"","jetpack_sharing_enabled":true,"jetpack_shortlink":"https:\/\/wp.me\/p8Tz7L-4o","_links":{"self":[{"href":"http:\/\/www.prismaoptica.es\/web\/wp-json\/wp\/v2\/posts\/272"}],"collection":[{"href":"http:\/\/www.prismaoptica.es\/web\/wp-json\/wp\/v2\/posts"}],"about":[{"href":"http:\/\/www.prismaoptica.es\/web\/wp-json\/wp\/v2\/types\/post"}],"author":[{"embeddable":true,"href":"http:\/\/www.prismaoptica.es\/web\/wp-json\/wp\/v2\/users\/1"}],"replies":[{"embeddable":true,"href":"http:\/\/www.prismaoptica.es\/web\/wp-json\/wp\/v2\/comments?post=272"}],"version-history":[{"count":3,"href":"http:\/\/www.prismaoptica.es\/web\/wp-json\/wp\/v2\/posts\/272\/revisions"}],"predecessor-version":[{"id":276,"href":"http:\/\/www.prismaoptica.es\/web\/wp-json\/wp\/v2\/posts\/272\/revisions\/276"}],"wp:attachment":[{"href":"http:\/\/www.prismaoptica.es\/web\/wp-json\/wp\/v2\/media?parent=272"}],"wp:term":[{"taxonomy":"category","embeddable":true,"href":"http:\/\/www.prismaoptica.es\/web\/wp-json\/wp\/v2\/categories?post=272"},{"taxonomy":"post_tag","embeddable":true,"href":"http:\/\/www.prismaoptica.es\/web\/wp-json\/wp\/v2\/tags?post=272"}],"curies":[{"name":"wp","href":"https:\/\/api.w.org\/{rel}","templated":true}]}}