{"id":115,"date":"2017-07-28T09:21:22","date_gmt":"2017-07-28T09:21:22","guid":{"rendered":"http:\/\/www.prismaoptica.es\/web\/?p=115"},"modified":"2017-08-01T06:55:46","modified_gmt":"2017-08-01T06:55:46","slug":"consells-per-escollir-les-ulleres-de-sol-per-a-lestiu","status":"publish","type":"post","link":"http:\/\/www.prismaoptica.es\/web\/2017\/07\/28\/consells-per-escollir-les-ulleres-de-sol-per-a-lestiu\/","title":{"rendered":"Consells per escollir les ulleres de sol per a l\u2019estiu"},"content":{"rendered":"<div class=\"entry-content doctor-content \">\n<p><img fetchpriority=\"high\" decoding=\"async\" class=\"alignleft wp-image-116\" src=\"http:\/\/www.prismaoptica.es\/web\/wp-content\/uploads\/2017\/07\/ulleres-estiu.jpg\" alt=\"\" width=\"512\" height=\"289\" srcset=\"http:\/\/www.prismaoptica.es\/web\/wp-content\/uploads\/2017\/07\/ulleres-estiu.jpg 1024w, http:\/\/www.prismaoptica.es\/web\/wp-content\/uploads\/2017\/07\/ulleres-estiu-300x169.jpg 300w, http:\/\/www.prismaoptica.es\/web\/wp-content\/uploads\/2017\/07\/ulleres-estiu-768x433.jpg 768w\" sizes=\"(max-width: 512px) 100vw, 512px\" \/><\/p>\n<p style=\"text-align: justify; padding-left: 60px;\"><span style=\"font-size: 10pt;\">[Ara.cat] A l\u2019estiu, el complement indispensable per a tothom s\u00f3n les ulleres de sol. La moda les dissenya de totes mides i tipus per\u00f2, a banda de com ens puguin quedar est\u00e8ticament, hem de tenir en compte com protegeixen els nostres ulls davant els raigs ultraviolats del sol.<\/span><\/p>\n<p style=\"text-align: justify; padding-left: 60px;\"><span style=\"font-size: 10pt;\"><strong>Qu\u00e8 \u00e9s el primer que s\u2019ha de comprovar en escollir unes ulleres de sol?<\/strong><\/span><\/p>\n<p style=\"text-align: justify; padding-left: 60px;\"><span style=\"font-size: 10pt;\">El m\u00e9s important \u00e9s que estiguin homologades amb el distintiu de la CE. A m\u00e9s a m\u00e9s, han de dur la identificaci\u00f3 de la ISO EN 1836:1997, i ens han de protegir al 100% dels raigs ultraviolats (distintiu UV). S\u2019ha de anar amb compte sobretot amb les que no s\u00f3n d\u2019\u00f2ptica, perqu\u00e8 poden ser falsificacions a les quals s\u2019hi ha afegit un adhesiu fals.<\/span><\/p>\n<p style=\"text-align: justify; padding-left: 60px;\"><span style=\"font-size: 10pt;\"><strong>Com m\u00e9s fosques siguin les ulleres, m\u00e9s protegeixen?<\/strong><\/span><\/p>\n<p style=\"text-align: justify; padding-left: 60px;\"><span style=\"font-size: 10pt;\">No. Es tracta d\u2019una idea err\u00f2nia molt estesa. Entre unes ulleres clares i unes fosques, les clares poden protegir millor els ulls si porten filtres solars de millor qualitat.<\/span><\/p>\n<p style=\"text-align: justify; padding-left: 60px;\"><span style=\"font-size: 10pt;\"><strong>Qualssevol ulleres serveixen per a qualsevol activitat?<\/strong><\/span><\/p>\n<p style=\"text-align: justify; padding-left: 60px;\"><span style=\"font-size: 10pt;\">Les ulleres s\u2019han d\u2019escollir pensant en l\u2019activitat que durem a terme quan les emprem. Per exemple, unes ulleres massa fosques poden no ser adequades per a la conducci\u00f3.<\/span><\/p>\n<p style=\"text-align: justify; padding-left: 60px;\"><span style=\"font-size: 10pt;\"><strong>Com es pot escollir una bona protecci\u00f3?<\/strong><\/span><\/p>\n<p style=\"text-align: justify; padding-left: 60px;\"><span style=\"font-size: 10pt;\">Hi ha nivells de protecci\u00f3 del 0 al 4. Les ulleres de protecci\u00f3 4 bloquegen un percentatge de llum m\u00e9s elevat. Aix\u00f2 no s\u2019ha de confondre amb el filtre de raigs ultraviolats, que ha de ser del 100 %.<\/span><\/p>\n<p style=\"text-align: justify; padding-left: 60px;\"><span style=\"font-size: 10pt;\"><strong>Qu\u00e8 hem de tenir en compte en protegir els ulls dels nens?<\/strong><\/span><\/p>\n<p style=\"text-align: justify; padding-left: 60px;\"><span style=\"font-size: 10pt;\">A causa de la seva edat redu\u00efda, els ulls dels nens s\u00f3n m\u00e9s permeables a la llum. Un percentatge molt m\u00e9s elevat de raigs UVA i UVB penetra als ulls d\u2019un nen en comparaci\u00f3 amb el que reben els ulls d\u2019un adult. En el cas dels adults, el cristal\u00b7l\u00ed frena una part d\u2019aquests rajos, tot i que la protecci\u00f3 segueix sent molt necess\u00e0ria.<\/span><\/p>\n<p style=\"text-align: justify; padding-left: 60px;\"><span style=\"font-size: 10pt;\">Per aix\u00f2, \u00e9s important evitar ulleres adquirides a llocs no especialitzats. Hi ha ulleres amb filtres de qualitat de totes les morfologies i a preus assequibles amb qu\u00e8 protegir els ulls dels infants.<\/span><\/p>\n<p style=\"text-align: justify; padding-left: 60px;\"><span style=\"font-size: 10pt;\"><strong>Totes les muntures admeten lents graduades?<\/strong><\/span><\/p>\n<p style=\"text-align: justify; padding-left: 60px;\"><span style=\"font-size: 10pt;\">Quan busquem ulleres de sol, sempre busquem que ens quedin b\u00e9 a la cara, que vagin a la moda\u2026 Per\u00f2 no totes les lents graduades s\u00f3n aptes per a totes les muntures. Per aix\u00f2, \u00e9s recomanable comentar primer la graduaci\u00f3 amb l\u2019\u00f2ptic i escollir les lents abans de triar una muntura.<\/span><\/p>\n<p style=\"text-align: justify; padding-left: 60px;\"><span style=\"font-size: 10pt;\"><strong>Qu\u00e8 s\u00f3n les lents polaritzades? S\u00f3n recomanables davant la llum del sol?<\/strong><\/span><\/p>\n<p style=\"text-align: justify; padding-left: 60px;\"><span style=\"font-size: 10pt;\">S\u00f3n un tipus de lents especials que eviten els reflexos i els efectes mirall a les ulleres, per exemple quan veiem reflectida l\u2019aigua sobre algunes superf\u00edcies met\u00e0l\u00b7liques. Aquesta caracter\u00edstica prev\u00e9 la fatiga ocular ja que evita la necessitat d\u2019acomodaci\u00f3 constant a les condicions canviants de la llum. En nom\u00e9s deixar passar la llum \u00fatil, proporcionen una visi\u00f3 m\u00e9s n\u00edtida i contrastada.<\/span><\/p>\n<p style=\"text-align: justify; padding-left: 60px;\"><span style=\"font-size: 10pt;\"><strong>I els vidres amb degradat? Tamb\u00e9 protegeixen els ulls?<\/strong><\/span><\/p>\n<p style=\"text-align: justify; padding-left: 60px;\"><span style=\"font-size: 10pt;\">Si les ulleres tenen un bon filtre de raigs ultraviolats, els vidres degradats permeten descansar la vista per la part de sota de les ulleres. No obstant aix\u00f2, el mateix degradat fa que, en cas que la llum reboti al terra o a altres superf\u00edcies, els rajos reflectits entrin m\u00e9s f\u00e0cilment als nostres ulls per la part degradada de sota la ullera, per la qual cosa s\u2019ha d\u2019anar amb compte.<\/span><\/p>\n<\/div>\n","protected":false},"excerpt":{"rendered":"<p>[Ara.cat] A l\u2019estiu, el complement indispensable per a tothom s\u00f3n les ulleres de sol. La moda les dissenya de totes mides i tipus per\u00f2, a banda de com ens puguin quedar est\u00e8ticament, hem de tenir en compte com protegeixen els nostres ulls davant els raigs ultraviolats del sol. Qu\u00e8 \u00e9s el primer que s\u2019ha de [&hellip;]<\/p>\n","protected":false},"author":1,"featured_media":0,"comment_status":"open","ping_status":"open","sticky":false,"template":"","format":"standard","meta":{"jetpack_post_was_ever_published":false,"_jetpack_newsletter_access":"","_jetpack_dont_email_post_to_subs":false,"_jetpack_newsletter_tier_id":0,"footnotes":"","jetpack_publicize_message":"","jetpack_publicize_feature_enabled":true,"jetpack_social_post_already_shared":false,"jetpack_social_options":{"image_generator_settings":{"template":"highway","enabled":false}}},"categories":[1],"tags":[],"jetpack_publicize_connections":[],"jetpack_featured_media_url":"","jetpack_sharing_enabled":true,"jetpack_shortlink":"https:\/\/wp.me\/p8Tz7L-1R","_links":{"self":[{"href":"http:\/\/www.prismaoptica.es\/web\/wp-json\/wp\/v2\/posts\/115"}],"collection":[{"href":"http:\/\/www.prismaoptica.es\/web\/wp-json\/wp\/v2\/posts"}],"about":[{"href":"http:\/\/www.prismaoptica.es\/web\/wp-json\/wp\/v2\/types\/post"}],"author":[{"embeddable":true,"href":"http:\/\/www.prismaoptica.es\/web\/wp-json\/wp\/v2\/users\/1"}],"replies":[{"embeddable":true,"href":"http:\/\/www.prismaoptica.es\/web\/wp-json\/wp\/v2\/comments?post=115"}],"version-history":[{"count":6,"href":"http:\/\/www.prismaoptica.es\/web\/wp-json\/wp\/v2\/posts\/115\/revisions"}],"predecessor-version":[{"id":260,"href":"http:\/\/www.prismaoptica.es\/web\/wp-json\/wp\/v2\/posts\/115\/revisions\/260"}],"wp:attachment":[{"href":"http:\/\/www.prismaoptica.es\/web\/wp-json\/wp\/v2\/media?parent=115"}],"wp:term":[{"taxonomy":"category","embeddable":true,"href":"http:\/\/www.prismaoptica.es\/web\/wp-json\/wp\/v2\/categories?post=115"},{"taxonomy":"post_tag","embeddable":true,"href":"http:\/\/www.prismaoptica.es\/web\/wp-json\/wp\/v2\/tags?post=115"}],"curies":[{"name":"wp","href":"https:\/\/api.w.org\/{rel}","templated":true}]}}